
{"id":51517,"date":"2015-08-21T18:30:30","date_gmt":"2015-08-21T21:30:30","guid":{"rendered":"http:\/\/www.sudoestehoje.com.br\/novoportal\/?p=51517"},"modified":"2015-08-21T22:24:54","modified_gmt":"2015-08-22T01:24:54","slug":"deputado-sergio-brito-assume-presidencia-do-psd-em-salvador","status":"publish","type":"post","link":"https:\/\/www.sudoestehoje.com.br\/novoportal\/2015\/08\/21\/deputado-sergio-brito-assume-presidencia-do-psd-em-salvador\/","title":{"rendered":"DEPUTADO S\u00c9RGIO BRITO ASSUME PRESID\u00caNCIA DO PSD EM SALVADOR"},"content":{"rendered":"<p><a href=\"http:\/\/www.sudoestehoje.com.br\/novoportal\/wp-content\/uploads\/2015\/08\/SERGI-PSD.jpg\"><img loading=\"lazy\" decoding=\"async\" class=\"aligncenter  wp-image-51518\" src=\"http:\/\/www.sudoestehoje.com.br\/novoportal\/wp-content\/uploads\/2015\/08\/SERGI-PSD.jpg\" alt=\"SERGI PSD\" width=\"501\" height=\"369\" \/><\/a><\/p>\n<p>O deputado federal S\u00e9rgio Brito \u00e9 o novo presidente do PSD em Salvador, em substitui\u00e7\u00e3o ao deputado estadual Alan Sanches, que est\u00e1 em vias de sair do partido. Em nota, Brito disse que \u00e9 uma \u201cgrande satisfa\u00e7\u00e3o\u201d ser o novo presidente do PSD em Salvador.<\/p>\n<p>\u201cO PSD \u00e9 a segunda for\u00e7a na Bahia e o projeto do partido em Salvador \u00e9 participar com muita efetividade dos problemas locais e propor solu\u00e7\u00f5es. Estamos construindo nosso caminho com responsabilidade e tranquilidade\u201d, disse.<\/p>\n<p><img decoding=\"async\" class=\"aligncenter\" src=\"http:\/\/www.sudoestehoje.com.br\/novoportal\/wp-content\/uploads\/2014\/12\/Banner-Casabella-500x104.jpg\" alt=\"Banner Casabella\" \/><\/p>\n","protected":false},"excerpt":{"rendered":"<p>O deputado federal S\u00e9rgio Brito \u00e9 o novo presidente do PSD em Salvador, em substitui\u00e7\u00e3o ao deputado estadual Alan Sanches, que est\u00e1 em vias de sair do partido. Em nota, Brito disse que \u00e9 uma \u201cgrande satisfa\u00e7\u00e3o\u201d ser o novo presidente do PSD em Salvador. \u201cO PSD \u00e9 a segunda for\u00e7a na Bahia e o [&hellip;]<\/p>\n","protected":false},"author":2,"featured_media":0,"comment_status":"open","ping_status":"open","sticky":false,"template":"","format":"standard","meta":{"footnotes":"","_links_to":"","_links_to_target":""},"categories":[1],"tags":[],"class_list":["post-51517","post","type-post","status-publish","format-standard","hentry","category-geral"],"views":1612,"_links":{"self":[{"href":"https:\/\/www.sudoestehoje.com.br\/novoportal\/wp-json\/wp\/v2\/posts\/51517","targetHints":{"allow":["GET"]}}],"collection":[{"href":"https:\/\/www.sudoestehoje.com.br\/novoportal\/wp-json\/wp\/v2\/posts"}],"about":[{"href":"https:\/\/www.sudoestehoje.com.br\/novoportal\/wp-json\/wp\/v2\/types\/post"}],"author":[{"embeddable":true,"href":"https:\/\/www.sudoestehoje.com.br\/novoportal\/wp-json\/wp\/v2\/users\/2"}],"replies":[{"embeddable":true,"href":"https:\/\/www.sudoestehoje.com.br\/novoportal\/wp-json\/wp\/v2\/comments?post=51517"}],"version-history":[{"count":4,"href":"https:\/\/www.sudoestehoje.com.br\/novoportal\/wp-json\/wp\/v2\/posts\/51517\/revisions"}],"predecessor-version":[{"id":51522,"href":"https:\/\/www.sudoestehoje.com.br\/novoportal\/wp-json\/wp\/v2\/posts\/51517\/revisions\/51522"}],"wp:attachment":[{"href":"https:\/\/www.sudoestehoje.com.br\/novoportal\/wp-json\/wp\/v2\/media?parent=51517"}],"wp:term":[{"taxonomy":"category","embeddable":true,"href":"https:\/\/www.sudoestehoje.com.br\/novoportal\/wp-json\/wp\/v2\/categories?post=51517"},{"taxonomy":"post_tag","embeddable":true,"href":"https:\/\/www.sudoestehoje.com.br\/novoportal\/wp-json\/wp\/v2\/tags?post=51517"}],"curies":[{"name":"wp","href":"https:\/\/api.w.org\/{rel}","templated":true}]}}