
{"id":5151,"date":"2011-05-23T13:43:42","date_gmt":"2011-05-23T16:43:42","guid":{"rendered":"http:\/\/www.sudoestehoje.com.br\/novoportal\/?p=5151"},"modified":"2011-05-23T13:49:00","modified_gmt":"2011-05-23T16:49:00","slug":"itapetinga-motoristas-da-saude-protestam-e-denunciam-prefeito-ao-ministerio-publico-do-trabalho","status":"publish","type":"post","link":"https:\/\/www.sudoestehoje.com.br\/novoportal\/2011\/05\/23\/itapetinga-motoristas-da-saude-protestam-e-denunciam-prefeito-ao-ministerio-publico-do-trabalho\/","title":{"rendered":"ITAPETINGA: MOTORISTAS DA SA\u00daDE PROTESTAM E DENUNCIAM PREFEITO AO MINIST\u00c9RIO P\u00daBLICO DO TRABALHO"},"content":{"rendered":"<p style=\"text-align: center;\"><a href=\"http:\/\/www.sudoestehoje.com.br\/novoportal\/wp-content\/uploads\/2011\/05\/100_5392.jpg\"><img loading=\"lazy\" decoding=\"async\" class=\"size-medium wp-image-5152  aligncenter\" title=\"100_5392\" src=\"http:\/\/www.sudoestehoje.com.br\/novoportal\/wp-content\/uploads\/2011\/05\/100_5392-500x375.jpg\" alt=\"\" width=\"500\" height=\"375\" srcset=\"https:\/\/www.sudoestehoje.com.br\/novoportal\/wp-content\/uploads\/2011\/05\/100_5392-500x375.jpg 500w, https:\/\/www.sudoestehoje.com.br\/novoportal\/wp-content\/uploads\/2011\/05\/100_5392-1024x768.jpg 1024w\" sizes=\"auto, (max-width: 500px) 100vw, 500px\" \/><\/a><\/p>\n<p style=\"text-align: center;\"><em><strong>Motoristas e sindicalistas protestaram em frente \u00e0 prefeitura<\/strong><\/em><\/p>\n<p>\u00a0<\/p>\n<p>ITAPETINGA: Na manh\u00e3 desta segunda-feira (23), os motoristas das ambul\u00e2ncias da Secretaria Municipal de Sa\u00fade voltaram a se reunir em frente\u00a0\u00e0 CDM, com cartazes de protestos, pelo n\u00e3o recebimento das di\u00e1rias a que t\u00eam direito, atrasadas desde novembro de 2010.<\/p>\n<p>Em seguida, acompanhados de um carro de som e dos dirigentes do SINDITATIBA (Sindicato dos Servidores P\u00fablicos Municipais), os motoristas se concentraram em frente \u00e0 prefeitura, pedindo provid\u00eancias e protestando contra a falta de\u00a0sensibilidade do prefeito Jos\u00e9 Carlos, da secret\u00e1ria de sa\u00fade Kally Cristina do do secret\u00e1rio de fazenda Zen\u00f3bio Cirqueira, que prometeu efetuar o pagamento das di\u00e1rias, desde dezembro de 2010, mas que acabou jogando no rol do esquecimento.<\/p>\n<p>Na \u00faltima quinta-feira (19), depois de uma paraliza\u00e7\u00e3o de 24 horas, os motoristas chegaram a se animar com a promessa do chefe de gabinete do prefeito, Julimar Limoeiro, que garantiu o pagamento de 50% das di\u00e1rias atrasadas, at\u00e9 sexta-feira (20), o que acabou n\u00e3o acontecendo. Pelo visto, a promessa do &#8216;Aspone&#8217; n\u00e3o passou de mais um engodo da administra\u00e7\u00e3o municipal, na tentativa de desarticular o movimento dos motoristas e outros servidores da sa\u00fade.<\/p>\n<p>Com isto, a crise na sa\u00fade p\u00fablica municipal mergulha em um po\u00e7o sem fundo, cujos reflexos acabam atigindo a popula\u00e7\u00e3o mais carente, maior usu\u00e1ria dos servi\u00e7os da secretaria. Quando se imagina que os problemas est\u00e3o sendo resolvidos, surge outra crise ainda pior, o que demonstra a total incapacidade da atual secret\u00e1ria, em gerir a secretaria de sa\u00fade e a insensibilidade do prefeito.<\/p>\n<p>Sem esperan\u00e7a de uma solu\u00e7\u00e3o amig\u00e1vel, o\u00a0sindicato da categoria encaminhou den\u00fancia ao Minist\u00e9rio P\u00fablico do Trabalho, em Vit\u00f3ria da Conquista, <strong>cujo teor \u00e9 o seguinte (\u00edntegra):<!--more--><\/strong><\/p>\n<p><em>&#8220;Ao Minist\u00e9rio P\u00fablico do Trabalho &#8211; Vit\u00f3ria da Conquista &#8211; Bahia. Exmos. (as) Srs. (as). Em\u00a0assembl\u00e9ia com os trabalhadores de v\u00e1rios setores da\u00a0Prefeitura Municipal de Itapetinga e posterior constata\u00e7\u00e3o por este Sindicato, observamos fatos grav\u00edssimos em desrespeito \u00e0 legisla\u00e7\u00e3o trabalhista e em rela\u00e7\u00e3o \u00e0 condu\u00e7\u00e3o administrativa municipal de Itapetinga. Situa\u00e7\u00e3o que est\u00e1 expondo o trabalhador\u00a0e a comunidade aos riscos oriundos de m\u00e1 gest\u00e3o, gest\u00e3o com ind\u00edcios de fraude, nepotismo, desviu no FUNDEB, na sa\u00fade, acumula\u00e7\u00e3o de cargos, dentre outros. Para melhor efetivar as devidas cobran\u00e7as e instru\u00e7\u00f5es processuais, elencamos \u00e0s den\u00fancias, por setores espec\u00edficos. Seguem, abaixo, algumas destas grav\u00edssimas den\u00fancias:<\/em><\/p>\n<p><em>Secretaria de Sa\u00fade:<\/em><\/p>\n<p><em>*\u00a0Viagens n\u00e3o precedidas de di\u00e1rias. V\u00e1rios motoristas t\u00eam acumulado dezenas de di\u00e9rias, n\u00e3o computando o percurso urbano em cidades como Salvador e n\u00e3o libera dinheiro para eventual manuten\u00e7\u00e3o: pneu, problema mec\u00e2nici. Com isto, for\u00e7a o trabalhador a custear quase toda a despesa de viagem;<\/em><\/p>\n<p><em>* Plant\u00e3o de motoristas muitas vezes de 24\/24 horas, expondo a s\u00e9rios riscos motoristas e passageiros;<\/em><\/p>\n<p><em>* Carros sem manuten\u00e7\u00e3o e revis\u00f5es obrigat\u00f3rias ocasionando a perda de seguros dos ve\u00edculos novos e preju\u00edzo para o munic\u00edpio, al\u00e9m do risco de acidentes com os trabalhadores;<\/em><\/p>\n<p><em>* Excesso de pacientes nas ambul\u00e2ncias: muitas vezes esses ve\u00edculos viajam com 8 (oito) pessoas em seus cub\u00edculos, sobrecarregando os trabalhadores (motorista e enfermeiro);<\/em><\/p>\n<p><em>* O \u00faltimo sinistro ocorreu com um ve\u00edculo 2010, a secretaria demorou muito para recolher o trabalhador e paciente sinistrado em alta e quase 48 horas para recolher o autom\u00f3vel, que foi todo depenado, s\u00f3 restando a carca\u00e7a;<\/em><\/p>\n<p><em>* Multa descontada do contra-cheque do trabalhador motorista, sem ser avisado, comprometendo seu or\u00e7amento familiar, sem ter feito a contesta\u00e7\u00e3o junto ao Detran sobre a poss\u00edvel emerg\u00eancia que ocasionou a multa;<\/em><\/p>\n<p><em>* Motorista do munic\u00edpio sem nenhuma identifica\u00e7\u00e3o;<\/em><\/p>\n<p><em>*Pagamento incorreto de horas extras e adicionais noturnos;<\/em><\/p>\n<p><em>*Ve\u00edculos com documenta\u00e7\u00e3o vencida, sem documento e em p\u00e9ssima condi\u00e7\u00e3o de uso pondo em risco a vida dos servidores e pacientes.<\/em><\/p>\n<p><em>Diante desta situa\u00e7\u00e3o calamitosa j\u00e1 alertada ao munic\u00edpio em of\u00edcio e verbalmente, pouco foi resolvido. Pelo exposto e visando exercer nossa atribui\u00e7\u00e3o, assim como fiscalizar o bom uso do er\u00e1rio p\u00fablico e proteger a condi\u00e7\u00e3o de trabalho de nosso servidor. Atenciosamente. Ivanildo Almeida Pires &#8211; Presidente do SINDITATIBA &#8211; BA.&#8221;<\/em><\/p>\n<p><em>VEJA GALERIA DE FOTOS:<\/em><\/p>\n<p><em>\u00a0<\/em><\/p>\n<p style=\"text-align: center;\"><em><a href=\"http:\/\/www.sudoestehoje.com.br\/novoportal\/wp-content\/uploads\/2011\/05\/100_53821.jpg\"><img loading=\"lazy\" decoding=\"async\" class=\"size-medium wp-image-5158  aligncenter\" title=\"100_5382\" src=\"http:\/\/www.sudoestehoje.com.br\/novoportal\/wp-content\/uploads\/2011\/05\/100_53821-500x375.jpg\" alt=\"\" width=\"500\" height=\"375\" srcset=\"https:\/\/www.sudoestehoje.com.br\/novoportal\/wp-content\/uploads\/2011\/05\/100_53821-500x375.jpg 500w, https:\/\/www.sudoestehoje.com.br\/novoportal\/wp-content\/uploads\/2011\/05\/100_53821-1024x768.jpg 1024w\" sizes=\"auto, (max-width: 500px) 100vw, 500px\" \/><\/a><\/em><\/p>\n<p style=\"text-align: center;\"><em><strong>Motoristas concentrados\u00a0em frente \u00e0 CDM<\/strong><\/em><\/p>\n<p style=\"text-align: center;\"><a href=\"http:\/\/www.sudoestehoje.com.br\/novoportal\/wp-content\/uploads\/2011\/05\/100_53841.jpg\"><img loading=\"lazy\" decoding=\"async\" class=\"size-medium wp-image-5159  aligncenter\" title=\"100_5384\" src=\"http:\/\/www.sudoestehoje.com.br\/novoportal\/wp-content\/uploads\/2011\/05\/100_53841-500x375.jpg\" alt=\"\" width=\"500\" height=\"375\" srcset=\"https:\/\/www.sudoestehoje.com.br\/novoportal\/wp-content\/uploads\/2011\/05\/100_53841-500x375.jpg 500w, https:\/\/www.sudoestehoje.com.br\/novoportal\/wp-content\/uploads\/2011\/05\/100_53841-1024x768.jpg 1024w\" sizes=\"auto, (max-width: 500px) 100vw, 500px\" \/><\/a><em>\u00a0<\/em><\/p>\n<p style=\"text-align: center;\"><em><strong>Ambul\u00e2ncia sucateada: banco do acompanhante \u00e9 um buraco<\/strong><\/em><\/p>\n<p style=\"text-align: center;\"><a href=\"http:\/\/www.sudoestehoje.com.br\/novoportal\/wp-content\/uploads\/2011\/05\/100_5389.jpg\"><img loading=\"lazy\" decoding=\"async\" class=\"size-medium wp-image-5160  aligncenter\" title=\"100_5389\" src=\"http:\/\/www.sudoestehoje.com.br\/novoportal\/wp-content\/uploads\/2011\/05\/100_5389-500x375.jpg\" alt=\"\" width=\"500\" height=\"375\" srcset=\"https:\/\/www.sudoestehoje.com.br\/novoportal\/wp-content\/uploads\/2011\/05\/100_5389-500x375.jpg 500w, https:\/\/www.sudoestehoje.com.br\/novoportal\/wp-content\/uploads\/2011\/05\/100_5389-1024x768.jpg 1024w\" sizes=\"auto, (max-width: 500px) 100vw, 500px\" \/><\/a><em>\u00a0<\/em><\/p>\n<p style=\"text-align: center;\"><em><strong>Com cartazes, motoristas pedem socorro: Ningu\u00e9m atendeu&#8230;<\/strong><\/em><\/p>\n<p style=\"text-align: center;\"><a href=\"http:\/\/www.sudoestehoje.com.br\/novoportal\/wp-content\/uploads\/2011\/05\/100_53871.jpg\"><img loading=\"lazy\" decoding=\"async\" class=\"size-medium wp-image-5161  aligncenter\" title=\"100_5387\" src=\"http:\/\/www.sudoestehoje.com.br\/novoportal\/wp-content\/uploads\/2011\/05\/100_53871-500x375.jpg\" alt=\"\" width=\"500\" height=\"375\" srcset=\"https:\/\/www.sudoestehoje.com.br\/novoportal\/wp-content\/uploads\/2011\/05\/100_53871-500x375.jpg 500w, https:\/\/www.sudoestehoje.com.br\/novoportal\/wp-content\/uploads\/2011\/05\/100_53871-1024x768.jpg 1024w\" sizes=\"auto, (max-width: 500px) 100vw, 500px\" \/><\/a><em>\u00a0<\/em><\/p>\n<p style=\"text-align: center;\"><em><strong>Fechadura da porta traseira da ambul\u00e2ncia est\u00e1 enferrujada<\/strong><\/em><\/p>\n<p style=\"text-align: center;\"><a href=\"http:\/\/www.sudoestehoje.com.br\/novoportal\/wp-content\/uploads\/2011\/05\/100_53851.jpg\"><img loading=\"lazy\" decoding=\"async\" class=\"size-medium wp-image-5162  aligncenter\" title=\"100_5385\" src=\"http:\/\/www.sudoestehoje.com.br\/novoportal\/wp-content\/uploads\/2011\/05\/100_53851-500x375.jpg\" alt=\"\" width=\"500\" height=\"375\" srcset=\"https:\/\/www.sudoestehoje.com.br\/novoportal\/wp-content\/uploads\/2011\/05\/100_53851-500x375.jpg 500w, https:\/\/www.sudoestehoje.com.br\/novoportal\/wp-content\/uploads\/2011\/05\/100_53851-1024x768.jpg 1024w\" sizes=\"auto, (max-width: 500px) 100vw, 500px\" \/><\/a><em>\u00a0<\/em><\/p>\n<p style=\"text-align: center;\"><em><strong>Suporte para tubo de oxig\u00eanio foi &#8216;armengado&#8217;<\/strong><\/em> <em><strong>com arame<\/strong><\/em><a><\/a><\/p>\n<p><em><\/em><\/p>\n<p><em><\/em><\/p>\n<p><em>\u00a0<\/em><\/p>\n","protected":false},"excerpt":{"rendered":"<p>Motoristas e sindicalistas protestaram em frente \u00e0 prefeitura \u00a0 ITAPETINGA: Na manh\u00e3 desta segunda-feira (23), os motoristas das ambul\u00e2ncias da Secretaria Municipal de Sa\u00fade voltaram a se reunir em frente\u00a0\u00e0 CDM, com cartazes de protestos, pelo n\u00e3o recebimento das di\u00e1rias a que t\u00eam direito, atrasadas desde novembro de 2010. Em seguida, acompanhados de um carro [&hellip;]<\/p>\n","protected":false},"author":2,"featured_media":0,"comment_status":"open","ping_status":"open","sticky":false,"template":"","format":"standard","meta":{"footnotes":"","_links_to":"","_links_to_target":""},"categories":[1],"tags":[],"class_list":["post-5151","post","type-post","status-publish","format-standard","hentry","category-geral"],"views":1852,"_links":{"self":[{"href":"https:\/\/www.sudoestehoje.com.br\/novoportal\/wp-json\/wp\/v2\/posts\/5151","targetHints":{"allow":["GET"]}}],"collection":[{"href":"https:\/\/www.sudoestehoje.com.br\/novoportal\/wp-json\/wp\/v2\/posts"}],"about":[{"href":"https:\/\/www.sudoestehoje.com.br\/novoportal\/wp-json\/wp\/v2\/types\/post"}],"author":[{"embeddable":true,"href":"https:\/\/www.sudoestehoje.com.br\/novoportal\/wp-json\/wp\/v2\/users\/2"}],"replies":[{"embeddable":true,"href":"https:\/\/www.sudoestehoje.com.br\/novoportal\/wp-json\/wp\/v2\/comments?post=5151"}],"version-history":[{"count":4,"href":"https:\/\/www.sudoestehoje.com.br\/novoportal\/wp-json\/wp\/v2\/posts\/5151\/revisions"}],"predecessor-version":[{"id":5165,"href":"https:\/\/www.sudoestehoje.com.br\/novoportal\/wp-json\/wp\/v2\/posts\/5151\/revisions\/5165"}],"wp:attachment":[{"href":"https:\/\/www.sudoestehoje.com.br\/novoportal\/wp-json\/wp\/v2\/media?parent=5151"}],"wp:term":[{"taxonomy":"category","embeddable":true,"href":"https:\/\/www.sudoestehoje.com.br\/novoportal\/wp-json\/wp\/v2\/categories?post=5151"},{"taxonomy":"post_tag","embeddable":true,"href":"https:\/\/www.sudoestehoje.com.br\/novoportal\/wp-json\/wp\/v2\/tags?post=5151"}],"curies":[{"name":"wp","href":"https:\/\/api.w.org\/{rel}","templated":true}]}}