
{"id":51504,"date":"2015-08-20T22:26:52","date_gmt":"2015-08-21T01:26:52","guid":{"rendered":"http:\/\/www.sudoestehoje.com.br\/novoportal\/?p=51504"},"modified":"2015-08-24T01:36:13","modified_gmt":"2015-08-24T04:36:13","slug":"cunha-e-collor-sao-denunciados-no-stf-por-corrupcao-e-lavagem-de-dinheiro","status":"publish","type":"post","link":"https:\/\/www.sudoestehoje.com.br\/novoportal\/2015\/08\/20\/cunha-e-collor-sao-denunciados-no-stf-por-corrupcao-e-lavagem-de-dinheiro\/","title":{"rendered":"CUNHA E COLLOR S\u00c3O DENUNCIADOS NO STF POR CORRUP\u00c7\u00c3O E LAVAGEM DE DINHEIRO"},"content":{"rendered":"<p><a href=\"http:\/\/www.sudoestehoje.com.br\/novoportal\/wp-content\/uploads\/2015\/08\/cunha-e-collor.jpg\"><img loading=\"lazy\" decoding=\"async\" class=\"aligncenter size-medium wp-image-51505\" src=\"http:\/\/www.sudoestehoje.com.br\/novoportal\/wp-content\/uploads\/2015\/08\/cunha-e-collor-500x363.jpg\" alt=\"cunha e collor\" width=\"500\" height=\"363\" srcset=\"https:\/\/www.sudoestehoje.com.br\/novoportal\/wp-content\/uploads\/2015\/08\/cunha-e-collor-500x363.jpg 500w, https:\/\/www.sudoestehoje.com.br\/novoportal\/wp-content\/uploads\/2015\/08\/cunha-e-collor.jpg 605w\" sizes=\"auto, (max-width: 500px) 100vw, 500px\" \/><\/a><\/p>\n<p>A Procuradoria-Geral da Rep\u00fablica (PGR) denunciou, nesta quinta-feira, o presidente da C\u00e2mara, Eduardo Cunha (PMDB-RJ), e o ex-presidente e senador Fernando Collor (PTB-AL) por envolvimento no esquema de corrup\u00e7\u00e3o da Petrobr\u00e1s.<\/p>\n<p>As den\u00fancias, por corrup\u00e7\u00e3o e lavagem de dinheiro, s\u00e3o as primeiras envolvendo pol\u00edticos com a prerrogativa de foro privilegiado. Elas s\u00e3o baseadas em depoimentos de delatores da Opera\u00e7\u00e3o Lava-Jato e em provas colhidas pelo Minist\u00e9rio P\u00fablico Federal em diversas fases da investiga\u00e7\u00e3o, entre elas as buscas em im\u00f3veis de Collor, na chamada Opera\u00e7\u00e3o Politeia, em julho.<\/p>\n<p>O senador do PTB \u00e9 suspeito de receber R$ 26 milh\u00f5es em propinas, entre 2010 e 2014, desviados da estatal petrol\u00edfera. Esses recursos teriam sido usados para a compra de carros de luxo, apreendidos no m\u00eas passado pela Pol\u00edcia Federal.<\/p>\n<p>Cunha foi citado por um dos delatores da Lava-Jato, o empres\u00e1rio J\u00falio Camargo, como benefici\u00e1rio de suborno de US$ 5 milh\u00f5es. O valor teria sido pago para facilitar a assinatura de contratos de afretamento de navios-sonda entre a Samsung e a Diretoria Internacional da estatal, controlada pelo PMDB.<\/p>\n<p>Se o STF aceitar a den\u00fancia, o presidente da C\u00e2mara e o senador de Alagoas ser\u00e3o r\u00e9us no esc\u00e2ndalo de corrup\u00e7\u00e3o. Tanto Cunha quanto Collor negam a participa\u00e7\u00e3o em desvios e se dizem v\u00edtimas de persegui\u00e7\u00e3o do procurador-geral da Rep\u00fablica, Rodrigo Janot.<\/p>\n<p><img decoding=\"async\" class=\"aligncenter\" src=\"http:\/\/www.sudoestehoje.com.br\/novoportal\/wp-content\/uploads\/2014\/12\/skala-novo.jpg\" alt=\"skala novo\" \/><\/p>\n","protected":false},"excerpt":{"rendered":"<p>A Procuradoria-Geral da Rep\u00fablica (PGR) denunciou, nesta quinta-feira, o presidente da C\u00e2mara, Eduardo Cunha (PMDB-RJ), e o ex-presidente e senador Fernando Collor (PTB-AL) por envolvimento no esquema de corrup\u00e7\u00e3o da Petrobr\u00e1s. As den\u00fancias, por corrup\u00e7\u00e3o e lavagem de dinheiro, s\u00e3o as primeiras envolvendo pol\u00edticos com a prerrogativa de foro privilegiado. Elas s\u00e3o baseadas em depoimentos [&hellip;]<\/p>\n","protected":false},"author":2,"featured_media":0,"comment_status":"open","ping_status":"open","sticky":false,"template":"","format":"standard","meta":{"footnotes":"","_links_to":"","_links_to_target":""},"categories":[1],"tags":[],"class_list":["post-51504","post","type-post","status-publish","format-standard","hentry","category-geral"],"views":1921,"_links":{"self":[{"href":"https:\/\/www.sudoestehoje.com.br\/novoportal\/wp-json\/wp\/v2\/posts\/51504","targetHints":{"allow":["GET"]}}],"collection":[{"href":"https:\/\/www.sudoestehoje.com.br\/novoportal\/wp-json\/wp\/v2\/posts"}],"about":[{"href":"https:\/\/www.sudoestehoje.com.br\/novoportal\/wp-json\/wp\/v2\/types\/post"}],"author":[{"embeddable":true,"href":"https:\/\/www.sudoestehoje.com.br\/novoportal\/wp-json\/wp\/v2\/users\/2"}],"replies":[{"embeddable":true,"href":"https:\/\/www.sudoestehoje.com.br\/novoportal\/wp-json\/wp\/v2\/comments?post=51504"}],"version-history":[{"count":2,"href":"https:\/\/www.sudoestehoje.com.br\/novoportal\/wp-json\/wp\/v2\/posts\/51504\/revisions"}],"predecessor-version":[{"id":51574,"href":"https:\/\/www.sudoestehoje.com.br\/novoportal\/wp-json\/wp\/v2\/posts\/51504\/revisions\/51574"}],"wp:attachment":[{"href":"https:\/\/www.sudoestehoje.com.br\/novoportal\/wp-json\/wp\/v2\/media?parent=51504"}],"wp:term":[{"taxonomy":"category","embeddable":true,"href":"https:\/\/www.sudoestehoje.com.br\/novoportal\/wp-json\/wp\/v2\/categories?post=51504"},{"taxonomy":"post_tag","embeddable":true,"href":"https:\/\/www.sudoestehoje.com.br\/novoportal\/wp-json\/wp\/v2\/tags?post=51504"}],"curies":[{"name":"wp","href":"https:\/\/api.w.org\/{rel}","templated":true}]}}