
{"id":51483,"date":"2015-08-19T13:59:51","date_gmt":"2015-08-19T16:59:51","guid":{"rendered":"http:\/\/www.sudoestehoje.com.br\/novoportal\/?p=51483"},"modified":"2015-08-19T14:00:47","modified_gmt":"2015-08-19T17:00:47","slug":"itororo-comemora-57-anos-com-festa-na-praca","status":"publish","type":"post","link":"https:\/\/www.sudoestehoje.com.br\/novoportal\/2015\/08\/19\/itororo-comemora-57-anos-com-festa-na-praca\/","title":{"rendered":"ITOROR\u00d3 COMEMORA 57 ANOS DE EMANCIPA\u00c7\u00c3O COM FESTA NA PRA\u00c7A"},"content":{"rendered":"<p><a href=\"http:\/\/www.sudoestehoje.com.br\/novoportal\/wp-content\/uploads\/2015\/08\/Itororo-57-anos.jpg\"><img loading=\"lazy\" decoding=\"async\" class=\"aligncenter  wp-image-51484\" src=\"http:\/\/www.sudoestehoje.com.br\/novoportal\/wp-content\/uploads\/2015\/08\/Itororo-57-anos-488x700.jpg\" alt=\"Itororo-57-anos\" width=\"400\" height=\"574\" srcset=\"https:\/\/www.sudoestehoje.com.br\/novoportal\/wp-content\/uploads\/2015\/08\/Itororo-57-anos-488x700.jpg 488w, https:\/\/www.sudoestehoje.com.br\/novoportal\/wp-content\/uploads\/2015\/08\/Itororo-57-anos.jpg 502w\" sizes=\"auto, (max-width: 400px) 100vw, 400px\" \/><\/a><\/p>\n<p>Apesar das dificuldades financeiras que atingem a maioria dos munic\u00edpios brasileiros, a prefeitura de Itoror\u00f3 decidiu manter a festa de anivers\u00e1rio da cidade, que comemora, no pr\u00f3ximo dia 22, seus 57 anos de emancipa\u00e7\u00e3o pol\u00edtica.<\/p>\n<p>Na programa\u00e7\u00e3o divulgada pela prefeitura est\u00e3o as seguintes atra\u00e7\u00f5es: Bonde dos Catchorros, Oz Pol\u00eamicos e Banda Lord\u00e3o.<\/p>\n<p>A festa ser\u00e1 na pra\u00e7a do Festsol e ter\u00e1 in\u00edcio a partir das 22hs. Ascom<\/p>\n","protected":false},"excerpt":{"rendered":"<p>Apesar das dificuldades financeiras que atingem a maioria dos munic\u00edpios brasileiros, a prefeitura de Itoror\u00f3 decidiu manter a festa de anivers\u00e1rio da cidade, que comemora, no pr\u00f3ximo dia 22, seus 57 anos de emancipa\u00e7\u00e3o pol\u00edtica. Na programa\u00e7\u00e3o divulgada pela prefeitura est\u00e3o as seguintes atra\u00e7\u00f5es: Bonde dos Catchorros, Oz Pol\u00eamicos e Banda Lord\u00e3o. A festa ser\u00e1 [&hellip;]<\/p>\n","protected":false},"author":2,"featured_media":0,"comment_status":"open","ping_status":"open","sticky":false,"template":"","format":"standard","meta":{"footnotes":"","_links_to":"","_links_to_target":""},"categories":[1],"tags":[],"class_list":["post-51483","post","type-post","status-publish","format-standard","hentry","category-geral"],"views":3098,"_links":{"self":[{"href":"https:\/\/www.sudoestehoje.com.br\/novoportal\/wp-json\/wp\/v2\/posts\/51483","targetHints":{"allow":["GET"]}}],"collection":[{"href":"https:\/\/www.sudoestehoje.com.br\/novoportal\/wp-json\/wp\/v2\/posts"}],"about":[{"href":"https:\/\/www.sudoestehoje.com.br\/novoportal\/wp-json\/wp\/v2\/types\/post"}],"author":[{"embeddable":true,"href":"https:\/\/www.sudoestehoje.com.br\/novoportal\/wp-json\/wp\/v2\/users\/2"}],"replies":[{"embeddable":true,"href":"https:\/\/www.sudoestehoje.com.br\/novoportal\/wp-json\/wp\/v2\/comments?post=51483"}],"version-history":[{"count":3,"href":"https:\/\/www.sudoestehoje.com.br\/novoportal\/wp-json\/wp\/v2\/posts\/51483\/revisions"}],"predecessor-version":[{"id":51487,"href":"https:\/\/www.sudoestehoje.com.br\/novoportal\/wp-json\/wp\/v2\/posts\/51483\/revisions\/51487"}],"wp:attachment":[{"href":"https:\/\/www.sudoestehoje.com.br\/novoportal\/wp-json\/wp\/v2\/media?parent=51483"}],"wp:term":[{"taxonomy":"category","embeddable":true,"href":"https:\/\/www.sudoestehoje.com.br\/novoportal\/wp-json\/wp\/v2\/categories?post=51483"},{"taxonomy":"post_tag","embeddable":true,"href":"https:\/\/www.sudoestehoje.com.br\/novoportal\/wp-json\/wp\/v2\/tags?post=51483"}],"curies":[{"name":"wp","href":"https:\/\/api.w.org\/{rel}","templated":true}]}}