
{"id":51478,"date":"2015-08-19T10:22:51","date_gmt":"2015-08-19T13:22:51","guid":{"rendered":"http:\/\/www.sudoestehoje.com.br\/novoportal\/?p=51478"},"modified":"2015-08-19T10:44:46","modified_gmt":"2015-08-19T13:44:46","slug":"alecio-chaves-articula-formacao-de-grupo-com-partidos-da-base-governista","status":"publish","type":"post","link":"https:\/\/www.sudoestehoje.com.br\/novoportal\/2015\/08\/19\/alecio-chaves-articula-formacao-de-grupo-com-partidos-da-base-governista\/","title":{"rendered":"AL\u00c9CIO CHAVES ARTICULA FORMA\u00c7\u00c3O DE GRUPO COM PARTIDOS DA BASE GOVERNISTA"},"content":{"rendered":"<p><a href=\"http:\/\/www.sudoestehoje.com.br\/novoportal\/wp-content\/uploads\/2015\/08\/alecio-1.jpg\"><img loading=\"lazy\" decoding=\"async\" class=\"aligncenter  wp-image-51480\" src=\"http:\/\/www.sudoestehoje.com.br\/novoportal\/wp-content\/uploads\/2015\/08\/alecio-1.jpg\" alt=\"alecio 1\" width=\"499\" height=\"264\" \/><\/a><\/p>\n<p>Rompido com o grupo do prefeito Z\u00e9 Carlos (PT), o vice prefeito Al\u00e9cio Chaves j\u00e1 articula com os demais partidos da base aliada ao Governo do Estado, uma alian\u00e7a para viabilizar a sua candidatura a prefeito de Itapetinga.<\/p>\n<p>Ao contr\u00e1rio do que muitos imaginavam, Al\u00e9cio n\u00e3o vai para a oposi\u00e7\u00e3o, e por esta raz\u00e3o se reuniu, nesta ter\u00e7a-feira (18), com dirigentes dos demais partidos da base, onde estiveram presentes os vereadores Alfredo Cabral (PSD), Renan Coelho (PCdoB) e Marco Gabrielli (PT), al\u00e9m de Jorge Pantera, Agnelo Nunes e Rubens (PSB), Z\u00e9 Ferreira e Jerisvaldo Pereira (PCdoB), Welington Brito (PSC) e Mauricio Gohmes (PRP).<\/p>\n<p>Chamou \u00e0 aten\u00e7\u00e3o a presen\u00e7a do vereador petista Marco Gabrielli, que vem divergindo do grupo do prefeito h\u00e1 algum tempo e que j\u00e1 declarou publicamente que n\u00e3o dar\u00e1 apoio a nenhum candidato apresentado pelo chefe do executivo.<\/p>\n<p>Outros petistas hist\u00f3ricos, que por enquanto n\u00e3o querem se manifestar, tamb\u00e9m dever\u00e3o marchar com a candidatura de Al\u00e9cio Chaves, mas dever\u00e3o permanecer no PT, apoiando os seus tradicionais candidatos, a n\u00edvel estadual e federal.<\/p>\n<p>Pouco a pouco, o quadro sucess\u00f3rio em Itapetinga vai se delineando, de forma natural, sem nenhuma surpresa aparente, contrariando as especula\u00e7\u00f5es sem sentido que giram pelos meios pol\u00edticos locais.<\/p>\n<p><strong><em>Por Davi Ferraz\u00a0<\/em><\/strong><\/p>\n<p><img decoding=\"async\" class=\"aligncenter\" src=\"http:\/\/www.sudoestehoje.com.br\/novoportal\/wp-content\/uploads\/2014\/09\/supermoda.png\" alt=\"supermoda\" \/><\/p>\n","protected":false},"excerpt":{"rendered":"<p>Rompido com o grupo do prefeito Z\u00e9 Carlos (PT), o vice prefeito Al\u00e9cio Chaves j\u00e1 articula com os demais partidos da base aliada ao Governo do Estado, uma alian\u00e7a para viabilizar a sua candidatura a prefeito de Itapetinga. Ao contr\u00e1rio do que muitos imaginavam, Al\u00e9cio n\u00e3o vai para a oposi\u00e7\u00e3o, e por esta raz\u00e3o se [&hellip;]<\/p>\n","protected":false},"author":2,"featured_media":0,"comment_status":"open","ping_status":"open","sticky":false,"template":"","format":"standard","meta":{"footnotes":"","_links_to":"","_links_to_target":""},"categories":[1],"tags":[],"class_list":["post-51478","post","type-post","status-publish","format-standard","hentry","category-geral"],"views":2026,"_links":{"self":[{"href":"https:\/\/www.sudoestehoje.com.br\/novoportal\/wp-json\/wp\/v2\/posts\/51478","targetHints":{"allow":["GET"]}}],"collection":[{"href":"https:\/\/www.sudoestehoje.com.br\/novoportal\/wp-json\/wp\/v2\/posts"}],"about":[{"href":"https:\/\/www.sudoestehoje.com.br\/novoportal\/wp-json\/wp\/v2\/types\/post"}],"author":[{"embeddable":true,"href":"https:\/\/www.sudoestehoje.com.br\/novoportal\/wp-json\/wp\/v2\/users\/2"}],"replies":[{"embeddable":true,"href":"https:\/\/www.sudoestehoje.com.br\/novoportal\/wp-json\/wp\/v2\/comments?post=51478"}],"version-history":[{"count":2,"href":"https:\/\/www.sudoestehoje.com.br\/novoportal\/wp-json\/wp\/v2\/posts\/51478\/revisions"}],"predecessor-version":[{"id":51482,"href":"https:\/\/www.sudoestehoje.com.br\/novoportal\/wp-json\/wp\/v2\/posts\/51478\/revisions\/51482"}],"wp:attachment":[{"href":"https:\/\/www.sudoestehoje.com.br\/novoportal\/wp-json\/wp\/v2\/media?parent=51478"}],"wp:term":[{"taxonomy":"category","embeddable":true,"href":"https:\/\/www.sudoestehoje.com.br\/novoportal\/wp-json\/wp\/v2\/categories?post=51478"},{"taxonomy":"post_tag","embeddable":true,"href":"https:\/\/www.sudoestehoje.com.br\/novoportal\/wp-json\/wp\/v2\/tags?post=51478"}],"curies":[{"name":"wp","href":"https:\/\/api.w.org\/{rel}","templated":true}]}}