
{"id":51455,"date":"2015-08-18T16:56:58","date_gmt":"2015-08-18T19:56:58","guid":{"rendered":"http:\/\/www.sudoestehoje.com.br\/novoportal\/?p=51455"},"modified":"2015-08-18T17:44:01","modified_gmt":"2015-08-18T20:44:01","slug":"51455","status":"publish","type":"post","link":"https:\/\/www.sudoestehoje.com.br\/novoportal\/2015\/08\/18\/51455\/","title":{"rendered":"MACARANI: JUSTI\u00c7A ELEITORAL DEFINE DATAS DAS ATIVIDADES DE CAMPANHA EM REUNI\u00c3O COM CANDIDATOS"},"content":{"rendered":"<p><a href=\"http:\/\/www.sudoestehoje.com.br\/novoportal\/wp-content\/uploads\/2015\/08\/armando-e-miller1.jpg\"><img loading=\"lazy\" decoding=\"async\" class=\"aligncenter size-medium wp-image-51456\" src=\"http:\/\/www.sudoestehoje.com.br\/novoportal\/wp-content\/uploads\/2015\/08\/armando-e-miller1-500x281.jpg\" alt=\"armando e miller\" width=\"500\" height=\"281\" srcset=\"https:\/\/www.sudoestehoje.com.br\/novoportal\/wp-content\/uploads\/2015\/08\/armando-e-miller1-500x281.jpg 500w, https:\/\/www.sudoestehoje.com.br\/novoportal\/wp-content\/uploads\/2015\/08\/armando-e-miller1-700x393.jpg 700w, https:\/\/www.sudoestehoje.com.br\/novoportal\/wp-content\/uploads\/2015\/08\/armando-e-miller1.jpg 960w\" sizes=\"auto, (max-width: 500px) 100vw, 500px\" \/><\/a><\/p>\n<p>Na tarde desta segunda-feira 17), a ju\u00edza eleitoral da comarca de Macarani realizou reuni\u00e3o conjunta com os candidatos a prefeito e vice-prefeito que ir\u00e3o concorrer no pleito do dia 4 de outubro pr\u00f3ximo, para estabelecer diretrizes de campanha e definir as datas dos com\u00edcios e outras atividades eleitorais.<\/p>\n<p>Estiveram presentes \u00e0 reuni\u00e3o, os candidatos j\u00e1 registrados Armando Porto (PSD) e seu vice Dr. Miller (PSDC), como tamb\u00e9m os candidatos do PP, Olisandro Nogueira e seu vice Nilton Meira.<\/p>\n<p>A campanha para as elei\u00e7\u00f5es suplementares de Macarani segue o mesmo rito das elei\u00e7\u00f5es normais, realizadas de quatro em quatro anos, mas com calend\u00e1rio reduzido.<\/p>\n<p><strong><em>Por Davi Ferraz<\/em><\/strong><\/p>\n<p><img decoding=\"async\" class=\"aligncenter\" src=\"http:\/\/www.sudoestehoje.com.br\/novoportal\/wp-content\/uploads\/2015\/07\/%C3%93TICA-ITAPUAN-BANNER1-500x179.jpg\" alt=\"\u00d3TICA-ITAPUAN-BANNER1\" \/><\/p>\n","protected":false},"excerpt":{"rendered":"<p>Na tarde desta segunda-feira 17), a ju\u00edza eleitoral da comarca de Macarani realizou reuni\u00e3o conjunta com os candidatos a prefeito e vice-prefeito que ir\u00e3o concorrer no pleito do dia 4 de outubro pr\u00f3ximo, para estabelecer diretrizes de campanha e definir as datas dos com\u00edcios e outras atividades eleitorais. Estiveram presentes \u00e0 reuni\u00e3o, os candidatos j\u00e1 [&hellip;]<\/p>\n","protected":false},"author":2,"featured_media":0,"comment_status":"open","ping_status":"open","sticky":false,"template":"","format":"standard","meta":{"footnotes":"","_links_to":"","_links_to_target":""},"categories":[1],"tags":[],"class_list":["post-51455","post","type-post","status-publish","format-standard","hentry","category-geral"],"views":1344,"_links":{"self":[{"href":"https:\/\/www.sudoestehoje.com.br\/novoportal\/wp-json\/wp\/v2\/posts\/51455","targetHints":{"allow":["GET"]}}],"collection":[{"href":"https:\/\/www.sudoestehoje.com.br\/novoportal\/wp-json\/wp\/v2\/posts"}],"about":[{"href":"https:\/\/www.sudoestehoje.com.br\/novoportal\/wp-json\/wp\/v2\/types\/post"}],"author":[{"embeddable":true,"href":"https:\/\/www.sudoestehoje.com.br\/novoportal\/wp-json\/wp\/v2\/users\/2"}],"replies":[{"embeddable":true,"href":"https:\/\/www.sudoestehoje.com.br\/novoportal\/wp-json\/wp\/v2\/comments?post=51455"}],"version-history":[{"count":5,"href":"https:\/\/www.sudoestehoje.com.br\/novoportal\/wp-json\/wp\/v2\/posts\/51455\/revisions"}],"predecessor-version":[{"id":51462,"href":"https:\/\/www.sudoestehoje.com.br\/novoportal\/wp-json\/wp\/v2\/posts\/51455\/revisions\/51462"}],"wp:attachment":[{"href":"https:\/\/www.sudoestehoje.com.br\/novoportal\/wp-json\/wp\/v2\/media?parent=51455"}],"wp:term":[{"taxonomy":"category","embeddable":true,"href":"https:\/\/www.sudoestehoje.com.br\/novoportal\/wp-json\/wp\/v2\/categories?post=51455"},{"taxonomy":"post_tag","embeddable":true,"href":"https:\/\/www.sudoestehoje.com.br\/novoportal\/wp-json\/wp\/v2\/tags?post=51455"}],"curies":[{"name":"wp","href":"https:\/\/api.w.org\/{rel}","templated":true}]}}