
{"id":51350,"date":"2015-08-15T20:19:19","date_gmt":"2015-08-15T23:19:19","guid":{"rendered":"http:\/\/www.sudoestehoje.com.br\/novoportal\/?p=51350"},"modified":"2015-08-15T20:24:51","modified_gmt":"2015-08-15T23:24:51","slug":"aulas-na-uesb-reiniciam-na-proxima-segunda","status":"publish","type":"post","link":"https:\/\/www.sudoestehoje.com.br\/novoportal\/2015\/08\/15\/aulas-na-uesb-reiniciam-na-proxima-segunda\/","title":{"rendered":"AULAS NA UESB REINICIAM NA PR\u00d3XIMA SEGUNDA"},"content":{"rendered":"<p><a href=\"http:\/\/www.sudoestehoje.com.br\/novoportal\/wp-content\/uploads\/2015\/08\/UESB-ITA.jpg\"><img loading=\"lazy\" decoding=\"async\" class=\"aligncenter size-medium wp-image-51351\" src=\"http:\/\/www.sudoestehoje.com.br\/novoportal\/wp-content\/uploads\/2015\/08\/UESB-ITA-500x375.jpg\" alt=\"UESB ITA\" width=\"500\" height=\"375\" srcset=\"https:\/\/www.sudoestehoje.com.br\/novoportal\/wp-content\/uploads\/2015\/08\/UESB-ITA-500x375.jpg 500w, https:\/\/www.sudoestehoje.com.br\/novoportal\/wp-content\/uploads\/2015\/08\/UESB-ITA.jpg 512w\" sizes=\"auto, (max-width: 500px) 100vw, 500px\" \/><\/a><\/p>\n<p>Depois de quase tr\u00eas meses da greve dos professores e de uma semana de paralisa\u00e7\u00e3o dos t\u00e9cnicos-administrativos, parece que, finalmente, as atividades v\u00e3o voltar \u00e0 normalidade na Universidade Estadual do Sudoeste da Bahia (Uesb).<\/p>\n<p>Em assembleia realizada na manh\u00e3 desta sexta-feira (14), os servidores da institui\u00e7\u00e3o, que estavam paralisados desde a \u00faltima segunda (10), deliberaram pelo retorno das atividades.\u00a0De acordo com o Sindicato da categoria, os port\u00f5es da Universidade voltar\u00e3o a ser abertos, nos seus tr\u00eas campi, na pr\u00f3xima segunda (17).<\/p>\n<p>Assim, as aulas que n\u00e3o acontecem desde o dia 13 de maio, poder\u00e3o ser retomadas.\u00a0Ainda segundo os servidores, uma\u00a0nova paralisa\u00e7\u00e3o ser\u00e1 realizada no dia 20 de agosto, mas dessa vez com os port\u00f5es abertos, \u00a0seguida de mobiliza\u00e7\u00e3o no centro da cidade de Vit\u00f3ria da Conquista.<\/p>\n<p><img decoding=\"async\" class=\"aligncenter\" src=\"http:\/\/www.sudoestehoje.com.br\/novoportal\/wp-content\/uploads\/2015\/07\/%C3%93TICA-ITAPUAN-BANNER1-500x179.jpg\" alt=\"\u00d3TICA-ITAPUAN-BANNER1\" \/><\/p>\n","protected":false},"excerpt":{"rendered":"<p>Depois de quase tr\u00eas meses da greve dos professores e de uma semana de paralisa\u00e7\u00e3o dos t\u00e9cnicos-administrativos, parece que, finalmente, as atividades v\u00e3o voltar \u00e0 normalidade na Universidade Estadual do Sudoeste da Bahia (Uesb). Em assembleia realizada na manh\u00e3 desta sexta-feira (14), os servidores da institui\u00e7\u00e3o, que estavam paralisados desde a \u00faltima segunda (10), deliberaram [&hellip;]<\/p>\n","protected":false},"author":2,"featured_media":0,"comment_status":"open","ping_status":"open","sticky":false,"template":"","format":"standard","meta":{"footnotes":"","_links_to":"","_links_to_target":""},"categories":[1],"tags":[],"class_list":["post-51350","post","type-post","status-publish","format-standard","hentry","category-geral"],"views":1370,"_links":{"self":[{"href":"https:\/\/www.sudoestehoje.com.br\/novoportal\/wp-json\/wp\/v2\/posts\/51350","targetHints":{"allow":["GET"]}}],"collection":[{"href":"https:\/\/www.sudoestehoje.com.br\/novoportal\/wp-json\/wp\/v2\/posts"}],"about":[{"href":"https:\/\/www.sudoestehoje.com.br\/novoportal\/wp-json\/wp\/v2\/types\/post"}],"author":[{"embeddable":true,"href":"https:\/\/www.sudoestehoje.com.br\/novoportal\/wp-json\/wp\/v2\/users\/2"}],"replies":[{"embeddable":true,"href":"https:\/\/www.sudoestehoje.com.br\/novoportal\/wp-json\/wp\/v2\/comments?post=51350"}],"version-history":[{"count":3,"href":"https:\/\/www.sudoestehoje.com.br\/novoportal\/wp-json\/wp\/v2\/posts\/51350\/revisions"}],"predecessor-version":[{"id":51354,"href":"https:\/\/www.sudoestehoje.com.br\/novoportal\/wp-json\/wp\/v2\/posts\/51350\/revisions\/51354"}],"wp:attachment":[{"href":"https:\/\/www.sudoestehoje.com.br\/novoportal\/wp-json\/wp\/v2\/media?parent=51350"}],"wp:term":[{"taxonomy":"category","embeddable":true,"href":"https:\/\/www.sudoestehoje.com.br\/novoportal\/wp-json\/wp\/v2\/categories?post=51350"},{"taxonomy":"post_tag","embeddable":true,"href":"https:\/\/www.sudoestehoje.com.br\/novoportal\/wp-json\/wp\/v2\/tags?post=51350"}],"curies":[{"name":"wp","href":"https:\/\/api.w.org\/{rel}","templated":true}]}}