
{"id":51321,"date":"2015-08-14T00:01:41","date_gmt":"2015-08-14T03:01:41","guid":{"rendered":"http:\/\/www.sudoestehoje.com.br\/novoportal\/?p=51321"},"modified":"2015-08-14T00:18:55","modified_gmt":"2015-08-14T03:18:55","slug":"por-que-alecio-poupa-tanto-ze-carlos","status":"publish","type":"post","link":"https:\/\/www.sudoestehoje.com.br\/novoportal\/2015\/08\/14\/por-que-alecio-poupa-tanto-ze-carlos\/","title":{"rendered":"POR QUE AL\u00c9CIO POUPA TANTO Z\u00c9 CARLOS?"},"content":{"rendered":"<p><a href=\"http:\/\/www.sudoestehoje.com.br\/novoportal\/wp-content\/uploads\/2015\/08\/z\u00e9-carlos-e-al\u00e9cio-chaves.jpg\"><img loading=\"lazy\" decoding=\"async\" class=\"aligncenter size-medium wp-image-51322\" src=\"http:\/\/www.sudoestehoje.com.br\/novoportal\/wp-content\/uploads\/2015\/08\/z\u00e9-carlos-e-al\u00e9cio-chaves-500x335.jpg\" alt=\"z\u00e9-carlos-e-al\u00e9cio-chaves\" width=\"500\" height=\"335\" \/><\/a><\/p>\n<p>No auge da crise entre o vice-prefeito Al\u00e9cio Chaves e o prefeito Z\u00e9 Carlos, em junho passado, o circo parecia pegar fogo em Itapetinga, com o vice amea\u00e7ando denunciar todas as mazelas da prefeitura, com base em uma &#8220;vasta documenta\u00e7\u00e3o&#8221; a que teria tido acesso, durante os seus 75 dias de governo.<\/p>\n<p>Tirando o epis\u00f3dio da ata forjada, que foi parar na delegacia, nada mais veio \u00e0 tona, com Al\u00e9cio se calando, como o fiel crist\u00e3o que faz &#8216;voto de sil\u00eancio&#8217; para n\u00e3o cair no pecado.<\/p>\n<p>\u00c9 l\u00f3gico que a popula\u00e7\u00e3o esperava muito mais de Al\u00e9cio Chaves, que bradou aos quatro ventos que nunca havia concordado com os maus feitos do prefeito, chegando a demitir figuras chaves do governo, como Ricardo Dutra, Tiquinho, Dr. Emmanoel, Romildo Teixeira, um procurador do munic\u00edpio e a pregoeira municipal.<\/p>\n<p>Com exce\u00e7\u00e3o do secret\u00e1rio de sa\u00fade, que foi demitido ap\u00f3s den\u00fancias da imprensa dando conta dos processos em que foi condenado no Esp\u00edrito Santo, a motiva\u00e7\u00e3o de Al\u00e9cio para demitir os demais continua no mais absoluto sigilo, para decep\u00e7\u00e3o geral da na\u00e7\u00e3o. Confesso que cheguei a acreditar que Al\u00e9cio Chaves tivesse mesmo &#8220;aquilo roxo&#8221;, mas pelo visto, foi s\u00f3 &#8216;farromba&#8217;.<\/p>\n<p>Se existem provas de irregularidades que possam realmente envolver o prefeito e membros da sua equipe, e devem existir mesmo, \u00e9 obriga\u00e7\u00e3o de Al\u00e9cio denunciar \u00e0 imprensa e levar \u00e0s autoridades, sob pena de coniv\u00eancia, at\u00e9 porque todos os demitidos foram renomeados por Z\u00e9 Carlos, o que coloca em cheque os motivos das demiss\u00f5es.<\/p>\n<p>Se n\u00e3o o fizer, perde toda a popularidade angariada no racha com o prefeito e fica sem nenhuma credibilidade para acusar o prefeito e sua gang, nos palanques do ano que vem.<\/p>\n<p>Vai encarar?<\/p>\n<p><strong><em>Por Davi Ferraz<\/em><\/strong><\/p>\n<p><img decoding=\"async\" class=\"aligncenter\" src=\"http:\/\/www.sudoestehoje.com.br\/novoportal\/wp-content\/uploads\/2014\/07\/Feira-do-Lar-1.png\" alt=\"Feira-do-Lar (1)\" \/><\/p>\n","protected":false},"excerpt":{"rendered":"<p>No auge da crise entre o vice-prefeito Al\u00e9cio Chaves e o prefeito Z\u00e9 Carlos, em junho passado, o circo parecia pegar fogo em Itapetinga, com o vice amea\u00e7ando denunciar todas as mazelas da prefeitura, com base em uma &#8220;vasta documenta\u00e7\u00e3o&#8221; a que teria tido acesso, durante os seus 75 dias de governo. Tirando o epis\u00f3dio [&hellip;]<\/p>\n","protected":false},"author":2,"featured_media":0,"comment_status":"open","ping_status":"open","sticky":false,"template":"","format":"standard","meta":{"footnotes":"","_links_to":"","_links_to_target":""},"categories":[1],"tags":[],"class_list":["post-51321","post","type-post","status-publish","format-standard","hentry","category-geral"],"views":2005,"_links":{"self":[{"href":"https:\/\/www.sudoestehoje.com.br\/novoportal\/wp-json\/wp\/v2\/posts\/51321","targetHints":{"allow":["GET"]}}],"collection":[{"href":"https:\/\/www.sudoestehoje.com.br\/novoportal\/wp-json\/wp\/v2\/posts"}],"about":[{"href":"https:\/\/www.sudoestehoje.com.br\/novoportal\/wp-json\/wp\/v2\/types\/post"}],"author":[{"embeddable":true,"href":"https:\/\/www.sudoestehoje.com.br\/novoportal\/wp-json\/wp\/v2\/users\/2"}],"replies":[{"embeddable":true,"href":"https:\/\/www.sudoestehoje.com.br\/novoportal\/wp-json\/wp\/v2\/comments?post=51321"}],"version-history":[{"count":4,"href":"https:\/\/www.sudoestehoje.com.br\/novoportal\/wp-json\/wp\/v2\/posts\/51321\/revisions"}],"predecessor-version":[{"id":51328,"href":"https:\/\/www.sudoestehoje.com.br\/novoportal\/wp-json\/wp\/v2\/posts\/51321\/revisions\/51328"}],"wp:attachment":[{"href":"https:\/\/www.sudoestehoje.com.br\/novoportal\/wp-json\/wp\/v2\/media?parent=51321"}],"wp:term":[{"taxonomy":"category","embeddable":true,"href":"https:\/\/www.sudoestehoje.com.br\/novoportal\/wp-json\/wp\/v2\/categories?post=51321"},{"taxonomy":"post_tag","embeddable":true,"href":"https:\/\/www.sudoestehoje.com.br\/novoportal\/wp-json\/wp\/v2\/tags?post=51321"}],"curies":[{"name":"wp","href":"https:\/\/api.w.org\/{rel}","templated":true}]}}