
{"id":51312,"date":"2015-08-13T18:04:56","date_gmt":"2015-08-13T21:04:56","guid":{"rendered":"http:\/\/www.sudoestehoje.com.br\/novoportal\/?p=51312"},"modified":"2015-08-14T00:09:07","modified_gmt":"2015-08-14T03:09:07","slug":"pf-apreendeu-com-irmao-de-dirceu-caderno-de-pagamentos-do-esquema","status":"publish","type":"post","link":"https:\/\/www.sudoestehoje.com.br\/novoportal\/2015\/08\/13\/pf-apreendeu-com-irmao-de-dirceu-caderno-de-pagamentos-do-esquema\/","title":{"rendered":"PF APREENDEU COM IRM\u00c3O DE DIRCEU CADERNO DE PAGAMENTOS DO ESQUEMA"},"content":{"rendered":"<div id=\"attachment_51313\" style=\"width: 510px\" class=\"wp-caption aligncenter\"><a href=\"http:\/\/www.sudoestehoje.com.br\/novoportal\/wp-content\/uploads\/2015\/08\/caderno.png\"><img loading=\"lazy\" decoding=\"async\" aria-describedby=\"caption-attachment-51313\" class=\"size-medium wp-image-51313\" src=\"http:\/\/www.sudoestehoje.com.br\/novoportal\/wp-content\/uploads\/2015\/08\/caderno-500x304.png\" alt=\"IRM\u00c3O DO EX-MINISTRO TINHA ANOTA\u00c7\u00d5ES DAS PROPINAS DO ESQUEMA\" width=\"500\" height=\"304\" srcset=\"https:\/\/www.sudoestehoje.com.br\/novoportal\/wp-content\/uploads\/2015\/08\/caderno-500x304.png 500w, https:\/\/www.sudoestehoje.com.br\/novoportal\/wp-content\/uploads\/2015\/08\/caderno-700x426.png 700w, https:\/\/www.sudoestehoje.com.br\/novoportal\/wp-content\/uploads\/2015\/08\/caderno.png 1500w\" sizes=\"auto, (max-width: 500px) 100vw, 500px\" \/><\/a><p id=\"caption-attachment-51313\" class=\"wp-caption-text\">IRM\u00c3O DO EX-MINISTRO TINHA ANOTA\u00c7\u00d5ES DAS PROPINAS DO ESQUEMA<\/p><\/div>\n<p>A Pol\u00edcia Federal apreendeu na casa do irm\u00e3o de Jos\u00e9 Dirceu,\u00a0ex-ministro da Casa Civil do Governo Lula, Luiz Eduardo de Oliveira e Silva, um caderno com indica\u00e7\u00f5es de pagamentos vinculados a obras da Petrobras e empreiteiras cartelizadas. Os federais tamb\u00e9m encontraram uma planilha de controle de valores provenientes da empreiteira Engevix, al\u00e9m de notas fiscais emitidas pela JD Assessoria e Consultoria &#8211; empresa de Dirceu.<\/p>\n<p>Os documentos embasam pedido de pris\u00e3o preventiva de Luiz Eduardo, alvo da Opera\u00e7\u00e3o Pixuleco, 17\u00ba cap\u00edtulo da Opera\u00e7\u00e3o Lava Jato, feito pela Procuradoria da Rep\u00fablica nesta quarta-feira, 12. O irm\u00e3o do ex-ministro foi preso no dia 3 de agosto em regime tempor\u00e1rio. Na sexta-feira, 7, o juiz federal S\u00e9rgio Moro prorrogou por mais cinco dias a cust\u00f3dia tempor\u00e1ria de Luiz Eduardo. Di\u00e1rio do Poder<\/p>\n<p><img loading=\"lazy\" decoding=\"async\" class=\" aligncenter\" src=\"http:\/\/2.bp.blogspot.com\/-70-eOs__L20\/VPCyusPhXRI\/AAAAAAAACAQ\/KHorKekdACs\/s640\/tarug%C3%A3o1.jpg\" alt=\"\" width=\"501\" height=\"141\" \/><\/p>\n","protected":false},"excerpt":{"rendered":"<p>A Pol\u00edcia Federal apreendeu na casa do irm\u00e3o de Jos\u00e9 Dirceu,\u00a0ex-ministro da Casa Civil do Governo Lula, Luiz Eduardo de Oliveira e Silva, um caderno com indica\u00e7\u00f5es de pagamentos vinculados a obras da Petrobras e empreiteiras cartelizadas. Os federais tamb\u00e9m encontraram uma planilha de controle de valores provenientes da empreiteira Engevix, al\u00e9m de notas fiscais [&hellip;]<\/p>\n","protected":false},"author":2,"featured_media":0,"comment_status":"open","ping_status":"open","sticky":false,"template":"","format":"standard","meta":{"footnotes":"","_links_to":"","_links_to_target":""},"categories":[1],"tags":[],"class_list":["post-51312","post","type-post","status-publish","format-standard","hentry","category-geral"],"views":1398,"_links":{"self":[{"href":"https:\/\/www.sudoestehoje.com.br\/novoportal\/wp-json\/wp\/v2\/posts\/51312","targetHints":{"allow":["GET"]}}],"collection":[{"href":"https:\/\/www.sudoestehoje.com.br\/novoportal\/wp-json\/wp\/v2\/posts"}],"about":[{"href":"https:\/\/www.sudoestehoje.com.br\/novoportal\/wp-json\/wp\/v2\/types\/post"}],"author":[{"embeddable":true,"href":"https:\/\/www.sudoestehoje.com.br\/novoportal\/wp-json\/wp\/v2\/users\/2"}],"replies":[{"embeddable":true,"href":"https:\/\/www.sudoestehoje.com.br\/novoportal\/wp-json\/wp\/v2\/comments?post=51312"}],"version-history":[{"count":5,"href":"https:\/\/www.sudoestehoje.com.br\/novoportal\/wp-json\/wp\/v2\/posts\/51312\/revisions"}],"predecessor-version":[{"id":51327,"href":"https:\/\/www.sudoestehoje.com.br\/novoportal\/wp-json\/wp\/v2\/posts\/51312\/revisions\/51327"}],"wp:attachment":[{"href":"https:\/\/www.sudoestehoje.com.br\/novoportal\/wp-json\/wp\/v2\/media?parent=51312"}],"wp:term":[{"taxonomy":"category","embeddable":true,"href":"https:\/\/www.sudoestehoje.com.br\/novoportal\/wp-json\/wp\/v2\/categories?post=51312"},{"taxonomy":"post_tag","embeddable":true,"href":"https:\/\/www.sudoestehoje.com.br\/novoportal\/wp-json\/wp\/v2\/tags?post=51312"}],"curies":[{"name":"wp","href":"https:\/\/api.w.org\/{rel}","templated":true}]}}