
{"id":51304,"date":"2015-08-13T10:56:03","date_gmt":"2015-08-13T13:56:03","guid":{"rendered":"http:\/\/www.sudoestehoje.com.br\/novoportal\/?p=51304"},"modified":"2015-08-13T11:04:00","modified_gmt":"2015-08-13T14:04:00","slug":"macarani-edmilson-lima-e-destaque-como-gestor-na-presidencia-da-camara","status":"publish","type":"post","link":"https:\/\/www.sudoestehoje.com.br\/novoportal\/2015\/08\/13\/macarani-edmilson-lima-e-destaque-como-gestor-na-presidencia-da-camara\/","title":{"rendered":"MACARANI: EDMILSON LIMA \u00c9 DESTAQUE COMO GESTOR NA PRESID\u00caNCIA DA C\u00c2MARA"},"content":{"rendered":"<div id=\"attachment_51306\" style=\"width: 510px\" class=\"wp-caption aligncenter\"><a href=\"http:\/\/www.sudoestehoje.com.br\/novoportal\/wp-content\/uploads\/2015\/08\/edmilson.jpg\"><img loading=\"lazy\" decoding=\"async\" aria-describedby=\"caption-attachment-51306\" class=\"size-medium wp-image-51306\" src=\"http:\/\/www.sudoestehoje.com.br\/novoportal\/wp-content\/uploads\/2015\/08\/edmilson-500x300.jpg\" alt=\"EDMILSON LIMA, PRESIDENTE DA C\u00c2MARA MUNICIPAL DE MACARANI\" width=\"500\" height=\"300\" srcset=\"https:\/\/www.sudoestehoje.com.br\/novoportal\/wp-content\/uploads\/2015\/08\/edmilson-500x300.jpg 500w, https:\/\/www.sudoestehoje.com.br\/novoportal\/wp-content\/uploads\/2015\/08\/edmilson-700x420.jpg 700w, https:\/\/www.sudoestehoje.com.br\/novoportal\/wp-content\/uploads\/2015\/08\/edmilson.jpg 960w\" sizes=\"auto, (max-width: 500px) 100vw, 500px\" \/><\/a><p id=\"caption-attachment-51306\" class=\"wp-caption-text\">EDMILSON LIMA, PRESIDENTE DA C\u00c2MARA MUNICIPAL DE MACARANI<\/p><\/div>\n<p>Com a cassa\u00e7\u00e3o do prefeito Carlinhos e da vice-prefeita Elza Soares, a prefeitura de Macarani passou a ser comandada pelo presidente da C\u00e2mara de Vereadores, Jorge Motos, at\u00e9 a realiza\u00e7\u00e3o do novo pleito marcado para 4 de outubro pr\u00f3ximo.<\/p>\n<p>No lugar de Jorge Motos, assumiu como novo gestor da Casa Legislativa, em 7 de julho passado, o vereador Edmilson Lima, que ocupava a vice-presid\u00eancia da c\u00e2mara, e que agora passa a ser o segundo na linha sucess\u00f3ria no munic\u00edpio.<\/p>\n<div id=\"attachment_51307\" style=\"width: 510px\" class=\"wp-caption aligncenter\"><a href=\"http:\/\/www.sudoestehoje.com.br\/novoportal\/wp-content\/uploads\/2015\/08\/camara-macarani.jpg\"><img loading=\"lazy\" decoding=\"async\" aria-describedby=\"caption-attachment-51307\" class=\"size-medium wp-image-51307\" src=\"http:\/\/www.sudoestehoje.com.br\/novoportal\/wp-content\/uploads\/2015\/08\/camara-macarani-500x300.jpg\" alt=\"PR\u00c9DIO DA C\u00c2MARA FOI TODO REFORMADO PELO ATUAL PRESIDENTE\" width=\"500\" height=\"300\" srcset=\"https:\/\/www.sudoestehoje.com.br\/novoportal\/wp-content\/uploads\/2015\/08\/camara-macarani-500x300.jpg 500w, https:\/\/www.sudoestehoje.com.br\/novoportal\/wp-content\/uploads\/2015\/08\/camara-macarani-700x420.jpg 700w, https:\/\/www.sudoestehoje.com.br\/novoportal\/wp-content\/uploads\/2015\/08\/camara-macarani.jpg 960w\" sizes=\"auto, (max-width: 500px) 100vw, 500px\" \/><\/a><p id=\"caption-attachment-51307\" class=\"wp-caption-text\">PR\u00c9DIO DA C\u00c2MARA FOI TODO REFORMADO PELO ATUAL PRESIDENTE<\/p><\/div>\n<p>Experiente e organizado, Edmilson imp\u00f4s mais dinamismo aos trabalhos na c\u00e2mara, o que chamou logo \u00e0 aten\u00e7\u00e3o da popula\u00e7\u00e3o do munic\u00edpio, que vem aprovando a sua din\u00e2mica gest\u00e3o. Zeloso com os recursos repassados \u00e0 c\u00e2mara, o presidente Edmilson mant\u00e9m e dia a folha de pagamento e os compromissos com fornecedores, aplicando os recursos excedentes em melhorias no pr\u00f3prio pr\u00e9dio e instala\u00e7\u00f5es do legislativo, que recebeu uma boa reforma logo que assumiu.<\/p>\n<p>Edmilson \u00e9 irm\u00e3o do nosso consagrado radialista Edilson Lima, ex vice-prefeito de Itapetinga, uma das figuras mais queridas e respeitadas da regi\u00e3o.<\/p>\n<p><strong><em>Por Davi Ferraz\u00a0<\/em><\/strong><\/p>\n<p><img decoding=\"async\" class=\"aligncenter\" src=\"http:\/\/www.sudoestehoje.com.br\/novoportal\/wp-content\/uploads\/2014\/12\/Banner-Casabella-500x104.jpg\" alt=\"Banner Casabella\" \/><\/p>\n","protected":false},"excerpt":{"rendered":"<p>Com a cassa\u00e7\u00e3o do prefeito Carlinhos e da vice-prefeita Elza Soares, a prefeitura de Macarani passou a ser comandada pelo presidente da C\u00e2mara de Vereadores, Jorge Motos, at\u00e9 a realiza\u00e7\u00e3o do novo pleito marcado para 4 de outubro pr\u00f3ximo. No lugar de Jorge Motos, assumiu como novo gestor da Casa Legislativa, em 7 de julho [&hellip;]<\/p>\n","protected":false},"author":2,"featured_media":0,"comment_status":"open","ping_status":"open","sticky":false,"template":"","format":"standard","meta":{"footnotes":"","_links_to":"","_links_to_target":""},"categories":[1],"tags":[],"class_list":["post-51304","post","type-post","status-publish","format-standard","hentry","category-geral"],"views":2399,"_links":{"self":[{"href":"https:\/\/www.sudoestehoje.com.br\/novoportal\/wp-json\/wp\/v2\/posts\/51304","targetHints":{"allow":["GET"]}}],"collection":[{"href":"https:\/\/www.sudoestehoje.com.br\/novoportal\/wp-json\/wp\/v2\/posts"}],"about":[{"href":"https:\/\/www.sudoestehoje.com.br\/novoportal\/wp-json\/wp\/v2\/types\/post"}],"author":[{"embeddable":true,"href":"https:\/\/www.sudoestehoje.com.br\/novoportal\/wp-json\/wp\/v2\/users\/2"}],"replies":[{"embeddable":true,"href":"https:\/\/www.sudoestehoje.com.br\/novoportal\/wp-json\/wp\/v2\/comments?post=51304"}],"version-history":[{"count":5,"href":"https:\/\/www.sudoestehoje.com.br\/novoportal\/wp-json\/wp\/v2\/posts\/51304\/revisions"}],"predecessor-version":[{"id":51311,"href":"https:\/\/www.sudoestehoje.com.br\/novoportal\/wp-json\/wp\/v2\/posts\/51304\/revisions\/51311"}],"wp:attachment":[{"href":"https:\/\/www.sudoestehoje.com.br\/novoportal\/wp-json\/wp\/v2\/media?parent=51304"}],"wp:term":[{"taxonomy":"category","embeddable":true,"href":"https:\/\/www.sudoestehoje.com.br\/novoportal\/wp-json\/wp\/v2\/categories?post=51304"},{"taxonomy":"post_tag","embeddable":true,"href":"https:\/\/www.sudoestehoje.com.br\/novoportal\/wp-json\/wp\/v2\/tags?post=51304"}],"curies":[{"name":"wp","href":"https:\/\/api.w.org\/{rel}","templated":true}]}}