
{"id":51282,"date":"2015-08-12T13:32:35","date_gmt":"2015-08-12T16:32:35","guid":{"rendered":"http:\/\/www.sudoestehoje.com.br\/novoportal\/?p=51282"},"modified":"2015-08-12T14:20:07","modified_gmt":"2015-08-12T17:20:07","slug":"arvore-e-envenenada-e-morta-no-centro-de-itapetinga","status":"publish","type":"post","link":"https:\/\/www.sudoestehoje.com.br\/novoportal\/2015\/08\/12\/arvore-e-envenenada-e-morta-no-centro-de-itapetinga\/","title":{"rendered":"ARVORE \u00c9 ENVENENADA E MORTA NO CENTRO DE ITAPETINGA"},"content":{"rendered":"<div id=\"attachment_51283\" style=\"width: 510px\" class=\"wp-caption aligncenter\"><a href=\"http:\/\/www.sudoestehoje.com.br\/novoportal\/wp-content\/uploads\/2015\/08\/arv.jpg\"><img loading=\"lazy\" decoding=\"async\" aria-describedby=\"caption-attachment-51283\" class=\"size-medium wp-image-51283\" src=\"http:\/\/www.sudoestehoje.com.br\/novoportal\/wp-content\/uploads\/2015\/08\/arv-500x300.jpg\" alt=\"EM MENOS DE 15 DIAS A \u00c1RVORE DE 15 ANOS SECOU TOTALMENTE\" width=\"500\" height=\"300\" srcset=\"https:\/\/www.sudoestehoje.com.br\/novoportal\/wp-content\/uploads\/2015\/08\/arv-500x300.jpg 500w, https:\/\/www.sudoestehoje.com.br\/novoportal\/wp-content\/uploads\/2015\/08\/arv-700x420.jpg 700w, https:\/\/www.sudoestehoje.com.br\/novoportal\/wp-content\/uploads\/2015\/08\/arv.jpg 960w\" sizes=\"auto, (max-width: 500px) 100vw, 500px\" \/><\/a><p id=\"caption-attachment-51283\" class=\"wp-caption-text\">EM MENOS DE 15 DIAS A \u00c1RVORE DE 15 ANOS SECOU TOTALMENTE<\/p><\/div>\n<p>H\u00e1 cerca de uns 15 dias, uma das \u00e1rvores localizadas na pra\u00e7a Augusto de Carvalho, bem no centro de Itapetinga, come\u00e7ou a secar, levantando logo a suspeita de que fora envenenada de prop\u00f3sito por algum inimigo do meio ambiente.<\/p>\n<p>Um leitor do blog fotografou o tronco da \u00e1rvore, onde aparece um buraco feito com uma furadeira, para aplica\u00e7\u00e3o de Tordon ou outro produto similar, o que decretou a morte lenta da pobre \u00e1rvore.<\/p>\n<div id=\"attachment_51284\" style=\"width: 410px\" class=\"wp-caption aligncenter\"><a href=\"http:\/\/www.sudoestehoje.com.br\/novoportal\/wp-content\/uploads\/2015\/08\/arv-1.jpg\"><img loading=\"lazy\" decoding=\"async\" aria-describedby=\"caption-attachment-51284\" class=\" wp-image-51284\" src=\"http:\/\/www.sudoestehoje.com.br\/novoportal\/wp-content\/uploads\/2015\/08\/arv-1-500x667.jpg\" alt=\"BURACO FEITO COM FURADEIRA COMPROVA QUE A \u00c1RVORE FOI ENVENENADA\" width=\"400\" height=\"534\" srcset=\"https:\/\/www.sudoestehoje.com.br\/novoportal\/wp-content\/uploads\/2015\/08\/arv-1-500x667.jpg 500w, https:\/\/www.sudoestehoje.com.br\/novoportal\/wp-content\/uploads\/2015\/08\/arv-1-675x900.jpg 675w, https:\/\/www.sudoestehoje.com.br\/novoportal\/wp-content\/uploads\/2015\/08\/arv-1.jpg 720w\" sizes=\"auto, (max-width: 400px) 100vw, 400px\" \/><\/a><p id=\"caption-attachment-51284\" class=\"wp-caption-text\">BURACO FEITO COM FURADEIRA COMPROVA QUE A \u00c1RVORE FOI ENVENENADA<\/p><\/div>\n<p>Hoje, passando pelo local, notamos que a \u00e1rvore j\u00e1 est\u00e1 totalmente seca e morta. Perguntamos a algumas pessoas que trabalham nas proximidades, mas ningu\u00e9m viu ou sabia de nada.<\/p>\n<p>Se o secret\u00e1rio municipal do Meio Ambiente tivesse mesmo o que fazer, descobriria facilmente o autor desse crime ambiental, j\u00e1 que todo o centro da cidade \u00e9 monitorado, 24 horas por dia, por c\u00e2meras instaladas pela CDL, que s\u00e3o operadas pela PM.<\/p>\n<p>Nem pra isso essa trupe de Z\u00e9 Carlos presta&#8230;<\/p>\n<p><strong><em>Por Davi Ferraz<\/em><\/strong><\/p>\n<p><img decoding=\"async\" class=\"aligncenter\" src=\"http:\/\/www.sudoestehoje.com.br\/novoportal\/wp-content\/uploads\/2015\/02\/NOVO-BANNER-COOLEITE-500x250.jpg\" alt=\"NOVO BANNER COOLEITE\" \/><\/p>\n","protected":false},"excerpt":{"rendered":"<p>H\u00e1 cerca de uns 15 dias, uma das \u00e1rvores localizadas na pra\u00e7a Augusto de Carvalho, bem no centro de Itapetinga, come\u00e7ou a secar, levantando logo a suspeita de que fora envenenada de prop\u00f3sito por algum inimigo do meio ambiente. Um leitor do blog fotografou o tronco da \u00e1rvore, onde aparece um buraco feito com uma [&hellip;]<\/p>\n","protected":false},"author":2,"featured_media":0,"comment_status":"open","ping_status":"open","sticky":false,"template":"","format":"standard","meta":{"footnotes":"","_links_to":"","_links_to_target":""},"categories":[1],"tags":[],"class_list":["post-51282","post","type-post","status-publish","format-standard","hentry","category-geral"],"views":2593,"_links":{"self":[{"href":"https:\/\/www.sudoestehoje.com.br\/novoportal\/wp-json\/wp\/v2\/posts\/51282","targetHints":{"allow":["GET"]}}],"collection":[{"href":"https:\/\/www.sudoestehoje.com.br\/novoportal\/wp-json\/wp\/v2\/posts"}],"about":[{"href":"https:\/\/www.sudoestehoje.com.br\/novoportal\/wp-json\/wp\/v2\/types\/post"}],"author":[{"embeddable":true,"href":"https:\/\/www.sudoestehoje.com.br\/novoportal\/wp-json\/wp\/v2\/users\/2"}],"replies":[{"embeddable":true,"href":"https:\/\/www.sudoestehoje.com.br\/novoportal\/wp-json\/wp\/v2\/comments?post=51282"}],"version-history":[{"count":5,"href":"https:\/\/www.sudoestehoje.com.br\/novoportal\/wp-json\/wp\/v2\/posts\/51282\/revisions"}],"predecessor-version":[{"id":51289,"href":"https:\/\/www.sudoestehoje.com.br\/novoportal\/wp-json\/wp\/v2\/posts\/51282\/revisions\/51289"}],"wp:attachment":[{"href":"https:\/\/www.sudoestehoje.com.br\/novoportal\/wp-json\/wp\/v2\/media?parent=51282"}],"wp:term":[{"taxonomy":"category","embeddable":true,"href":"https:\/\/www.sudoestehoje.com.br\/novoportal\/wp-json\/wp\/v2\/categories?post=51282"},{"taxonomy":"post_tag","embeddable":true,"href":"https:\/\/www.sudoestehoje.com.br\/novoportal\/wp-json\/wp\/v2\/tags?post=51282"}],"curies":[{"name":"wp","href":"https:\/\/api.w.org\/{rel}","templated":true}]}}