
{"id":51271,"date":"2015-08-11T23:09:50","date_gmt":"2015-08-12T02:09:50","guid":{"rendered":"http:\/\/www.sudoestehoje.com.br\/novoportal\/?p=51271"},"modified":"2015-08-11T23:53:05","modified_gmt":"2015-08-12T02:53:05","slug":"democratas-faz-reuniao-preparatoria-para-convencao-municipal","status":"publish","type":"post","link":"https:\/\/www.sudoestehoje.com.br\/novoportal\/2015\/08\/11\/democratas-faz-reuniao-preparatoria-para-convencao-municipal\/","title":{"rendered":"DEM FAZ REUNI\u00c3O PREPARAT\u00d3RIA PARA CONVEN\u00c7\u00c3O MUNICIPAL E ELEI\u00c7\u00c3O DE 2016"},"content":{"rendered":"<p><a href=\"http:\/\/www.sudoestehoje.com.br\/novoportal\/wp-content\/uploads\/2015\/08\/dem.jpg\"><img loading=\"lazy\" decoding=\"async\" class=\"aligncenter size-medium wp-image-51273\" src=\"http:\/\/www.sudoestehoje.com.br\/novoportal\/wp-content\/uploads\/2015\/08\/dem-500x300.jpg\" alt=\"dem\" width=\"500\" height=\"300\" srcset=\"https:\/\/www.sudoestehoje.com.br\/novoportal\/wp-content\/uploads\/2015\/08\/dem-500x300.jpg 500w, https:\/\/www.sudoestehoje.com.br\/novoportal\/wp-content\/uploads\/2015\/08\/dem-700x420.jpg 700w, https:\/\/www.sudoestehoje.com.br\/novoportal\/wp-content\/uploads\/2015\/08\/dem.jpg 960w\" sizes=\"auto, (max-width: 500px) 100vw, 500px\" \/><\/a><\/p>\n<p>Na noite desta ter\u00e7a-feira, dirigentes do Democratas de Itapetinga se reuniram para estabelecer estrat\u00e9gias com vistas \u00e0 conven\u00e7\u00e3o municipal que dever\u00e1 acontecer ainda neste m\u00eas de agosto, como tamb\u00e9m discutir formas de atrair novas lideran\u00e7as populares para o partido, j\u00e1 pensando nas elei\u00e7\u00f5es de 2016.<\/p>\n<p>Na reuni\u00e3o que aconteceu na sala vip da C\u00e2mara Municipal, e que contou com a participa\u00e7\u00e3o velhos e novos filiados ao partido, foram sentidas as aus\u00eancias do ex-prefeito Jos\u00e9 Ot\u00e1vio Curvelo e da vereadora Naara Duarte.<\/p>\n<p><a href=\"http:\/\/www.sudoestehoje.com.br\/novoportal\/wp-content\/uploads\/2015\/08\/DEM-1.jpg\"><img loading=\"lazy\" decoding=\"async\" class=\"aligncenter size-medium wp-image-51274\" src=\"http:\/\/www.sudoestehoje.com.br\/novoportal\/wp-content\/uploads\/2015\/08\/DEM-1-500x300.jpg\" alt=\"DEM 1\" width=\"500\" height=\"300\" srcset=\"https:\/\/www.sudoestehoje.com.br\/novoportal\/wp-content\/uploads\/2015\/08\/DEM-1-500x300.jpg 500w, https:\/\/www.sudoestehoje.com.br\/novoportal\/wp-content\/uploads\/2015\/08\/DEM-1-700x420.jpg 700w, https:\/\/www.sudoestehoje.com.br\/novoportal\/wp-content\/uploads\/2015\/08\/DEM-1.jpg 960w\" sizes=\"auto, (max-width: 500px) 100vw, 500px\" \/><\/a><\/p>\n<p>De acordo com o presidente do partido, Geraldo Trindade, o ex-prefeito Jos\u00e9 Ot\u00e1vio se encontra em S\u00e3o Paulo tratando de assuntos particulares. Em contato com a reda\u00e7\u00e3o do blog, a vereadora Naara Duarte informou que n\u00e3o foi comunicada da reuni\u00e3o pela dire\u00e7\u00e3o do partido, raz\u00e3o pela qual n\u00e3o compareceu.<\/p>\n<p>Renan Pereira, Fabiano Bahia, Mara R\u00fabia, Zildo Carvalho, Jos\u00e9 Gustecindo, Paulo da Geladeira, Felizd\u00eanio, Arlindinho, Ronald\u00e3o, Reginaldo Natureza e outras lideran\u00e7as, tamb\u00e9m participaram do encontro.<\/p>\n<p><strong><em>Por Davi Ferraz\u00a0<\/em><\/strong><\/p>\n<p><img decoding=\"async\" class=\" aligncenter\" src=\"http:\/\/www.sudoestehoje.com.br\/novoportal\/wp-content\/uploads\/2015\/05\/rezende-500x163-500x163.jpg\" alt=\"rezende-500x163\" \/><\/p>\n","protected":false},"excerpt":{"rendered":"<p>Na noite desta ter\u00e7a-feira, dirigentes do Democratas de Itapetinga se reuniram para estabelecer estrat\u00e9gias com vistas \u00e0 conven\u00e7\u00e3o municipal que dever\u00e1 acontecer ainda neste m\u00eas de agosto, como tamb\u00e9m discutir formas de atrair novas lideran\u00e7as populares para o partido, j\u00e1 pensando nas elei\u00e7\u00f5es de 2016. Na reuni\u00e3o que aconteceu na sala vip da C\u00e2mara Municipal, [&hellip;]<\/p>\n","protected":false},"author":2,"featured_media":0,"comment_status":"open","ping_status":"open","sticky":false,"template":"","format":"standard","meta":{"footnotes":"","_links_to":"","_links_to_target":""},"categories":[1],"tags":[],"class_list":["post-51271","post","type-post","status-publish","format-standard","hentry","category-geral"],"views":2031,"_links":{"self":[{"href":"https:\/\/www.sudoestehoje.com.br\/novoportal\/wp-json\/wp\/v2\/posts\/51271","targetHints":{"allow":["GET"]}}],"collection":[{"href":"https:\/\/www.sudoestehoje.com.br\/novoportal\/wp-json\/wp\/v2\/posts"}],"about":[{"href":"https:\/\/www.sudoestehoje.com.br\/novoportal\/wp-json\/wp\/v2\/types\/post"}],"author":[{"embeddable":true,"href":"https:\/\/www.sudoestehoje.com.br\/novoportal\/wp-json\/wp\/v2\/users\/2"}],"replies":[{"embeddable":true,"href":"https:\/\/www.sudoestehoje.com.br\/novoportal\/wp-json\/wp\/v2\/comments?post=51271"}],"version-history":[{"count":6,"href":"https:\/\/www.sudoestehoje.com.br\/novoportal\/wp-json\/wp\/v2\/posts\/51271\/revisions"}],"predecessor-version":[{"id":51281,"href":"https:\/\/www.sudoestehoje.com.br\/novoportal\/wp-json\/wp\/v2\/posts\/51271\/revisions\/51281"}],"wp:attachment":[{"href":"https:\/\/www.sudoestehoje.com.br\/novoportal\/wp-json\/wp\/v2\/media?parent=51271"}],"wp:term":[{"taxonomy":"category","embeddable":true,"href":"https:\/\/www.sudoestehoje.com.br\/novoportal\/wp-json\/wp\/v2\/categories?post=51271"},{"taxonomy":"post_tag","embeddable":true,"href":"https:\/\/www.sudoestehoje.com.br\/novoportal\/wp-json\/wp\/v2\/tags?post=51271"}],"curies":[{"name":"wp","href":"https:\/\/api.w.org\/{rel}","templated":true}]}}