
{"id":51207,"date":"2015-08-09T11:57:15","date_gmt":"2015-08-09T14:57:15","guid":{"rendered":"http:\/\/www.sudoestehoje.com.br\/novoportal\/?p=51207"},"modified":"2015-08-09T12:02:31","modified_gmt":"2015-08-09T15:02:31","slug":"corpo-do-pastor-e-velado-na-1a-igreja-batista-e-sepultamento-sera-as-16h","status":"publish","type":"post","link":"https:\/\/www.sudoestehoje.com.br\/novoportal\/2015\/08\/09\/corpo-do-pastor-e-velado-na-1a-igreja-batista-e-sepultamento-sera-as-16h\/","title":{"rendered":"CORPO DO PASTOR SAMUEL \u00c9 VELADO NA 1\u00aa IGREJA BATISTA E SER\u00c1 SEPULTADO \u00c0S 16h"},"content":{"rendered":"<p><a href=\"http:\/\/www.sudoestehoje.com.br\/novoportal\/wp-content\/uploads\/2015\/08\/PASTOR.jpg\"><img loading=\"lazy\" decoding=\"async\" class=\"aligncenter size-medium wp-image-51209\" src=\"http:\/\/www.sudoestehoje.com.br\/novoportal\/wp-content\/uploads\/2015\/08\/PASTOR-500x376.jpg\" alt=\"PASTOR\" width=\"500\" height=\"376\" srcset=\"https:\/\/www.sudoestehoje.com.br\/novoportal\/wp-content\/uploads\/2015\/08\/PASTOR-500x376.jpg 500w, https:\/\/www.sudoestehoje.com.br\/novoportal\/wp-content\/uploads\/2015\/08\/PASTOR.jpg 640w\" sizes=\"auto, (max-width: 500px) 100vw, 500px\" \/><\/a><\/p>\n<p>O corpo do pastor Samuel Santos, que faleceu em Recife na noite da \u00faltima sexta-feira (7), j\u00e1 est\u00e1 sendo velado na 1\u00aa Igreja Batista de Itapetinga, desde as primeiras horas da manh\u00e3 deste domingo.<\/p>\n<p>O sepultamento dever\u00e1 ocorrer por volta das 16h, no Cemit\u00e9rio Parque da Eternidade, na Nova Itapetinga, ap\u00f3s celebra\u00e7\u00e3o de um culto na pr\u00f3pria Igreja Batista.<\/p>\n<p><strong><em>Por Davi Ferraz<\/em><\/strong><\/p>\n<p><img decoding=\"async\" class=\"aligncenter\" src=\"http:\/\/www.sudoestehoje.com.br\/novoportal\/wp-content\/uploads\/2014\/07\/Feira-do-Lar-1.png\" alt=\"Feira-do-Lar (1)\" \/><\/p>\n","protected":false},"excerpt":{"rendered":"<p>O corpo do pastor Samuel Santos, que faleceu em Recife na noite da \u00faltima sexta-feira (7), j\u00e1 est\u00e1 sendo velado na 1\u00aa Igreja Batista de Itapetinga, desde as primeiras horas da manh\u00e3 deste domingo. O sepultamento dever\u00e1 ocorrer por volta das 16h, no Cemit\u00e9rio Parque da Eternidade, na Nova Itapetinga, ap\u00f3s celebra\u00e7\u00e3o de um culto [&hellip;]<\/p>\n","protected":false},"author":2,"featured_media":0,"comment_status":"open","ping_status":"open","sticky":false,"template":"","format":"standard","meta":{"footnotes":"","_links_to":"","_links_to_target":""},"categories":[1],"tags":[],"class_list":["post-51207","post","type-post","status-publish","format-standard","hentry","category-geral"],"views":2047,"_links":{"self":[{"href":"https:\/\/www.sudoestehoje.com.br\/novoportal\/wp-json\/wp\/v2\/posts\/51207","targetHints":{"allow":["GET"]}}],"collection":[{"href":"https:\/\/www.sudoestehoje.com.br\/novoportal\/wp-json\/wp\/v2\/posts"}],"about":[{"href":"https:\/\/www.sudoestehoje.com.br\/novoportal\/wp-json\/wp\/v2\/types\/post"}],"author":[{"embeddable":true,"href":"https:\/\/www.sudoestehoje.com.br\/novoportal\/wp-json\/wp\/v2\/users\/2"}],"replies":[{"embeddable":true,"href":"https:\/\/www.sudoestehoje.com.br\/novoportal\/wp-json\/wp\/v2\/comments?post=51207"}],"version-history":[{"count":6,"href":"https:\/\/www.sudoestehoje.com.br\/novoportal\/wp-json\/wp\/v2\/posts\/51207\/revisions"}],"predecessor-version":[{"id":51214,"href":"https:\/\/www.sudoestehoje.com.br\/novoportal\/wp-json\/wp\/v2\/posts\/51207\/revisions\/51214"}],"wp:attachment":[{"href":"https:\/\/www.sudoestehoje.com.br\/novoportal\/wp-json\/wp\/v2\/media?parent=51207"}],"wp:term":[{"taxonomy":"category","embeddable":true,"href":"https:\/\/www.sudoestehoje.com.br\/novoportal\/wp-json\/wp\/v2\/categories?post=51207"},{"taxonomy":"post_tag","embeddable":true,"href":"https:\/\/www.sudoestehoje.com.br\/novoportal\/wp-json\/wp\/v2\/tags?post=51207"}],"curies":[{"name":"wp","href":"https:\/\/api.w.org\/{rel}","templated":true}]}}