
{"id":512,"date":"2010-07-24T10:33:30","date_gmt":"2010-07-24T13:33:30","guid":{"rendered":"http:\/\/sudoestehoje.tempsite.ws\/novoportal\/?p=512"},"modified":"2010-09-22T16:27:58","modified_gmt":"2010-09-22T19:27:58","slug":"datafolha-da-vitoria-a-wagner-no-1%c2%ba-turno","status":"publish","type":"post","link":"https:\/\/www.sudoestehoje.com.br\/novoportal\/2010\/07\/24\/datafolha-da-vitoria-a-wagner-no-1%c2%ba-turno\/","title":{"rendered":"DATAFOLHA D\u00c1 VIT\u00d3RIA A WAGNER NO 1\u00ba TURNO"},"content":{"rendered":"<div>\n<div><img loading=\"lazy\" decoding=\"async\" src=\"http:\/\/blogdotop.files.wordpress.com\/2009\/10\/jaques-wagner.jpg\" border=\"0\" alt=\"\" width=\"416\" height=\"312\" \/><\/div>\n<div>Wagner e Geddel sobem 3 pontos, Paulo Souto despenca<\/div>\n<p>O  governador da Bahia, Jaques Wagner (PT), seria reeleito no primeiro  turno se a elei\u00e7\u00e3o fosse hoje. Ele lidera a disputa pelo governo do  estado com 44% das inten\u00e7\u00f5es de voto, enquanto que somados, os seus  advers\u00e1rios alcan\u00e7am 37%, de acordo com pesquisa Datafolha encomendada  pela TV Globo e pelo jornal \u201cFolha de S.Paulo\u201d.<\/p>\n<p>A  pesquisa revela que o petista tem 21 pontos de vantagem sobre o segundo  colocado, Paulo Souto (DEM), que tem 23%. Em terceiro lugar aparece  Geddel Vieira Lima (PMDB), com 12%. Os candidatos Luiz Bassuma (PV) e  professor Carlos (PSTU) t\u00eam 1% cada. Marcos Mendes (PSOL) e Sandra Santa  B\u00e1rbara (PCB) n\u00e3o pontuaram. N\u00e3o opinaram 13% dos eleitores, e outros  6% disseram que votar\u00e3o nulo ou em branco.<\/p>\n<p>Na  pesquisa espont\u00e2nea, na qual o entrevistador n\u00e3o mostra a lista de  candidatos, o governador tem vantagem ainda maior sobre os oponentes.  Wagner \u00e9 citado por <strong>26% <\/strong>dos entrevistados. Souto tem <strong>7%<\/strong>, e Geddel <strong>4%<\/strong>.<\/p>\n<p>O  levantamento \u00e9 o primeiro realizado pelo Datafolha depois da  oficializa\u00e7\u00e3o das candidaturas. Foi feito de ter\u00e7a-feira (20) a sexta  (23), com 1.086 entrevistas. A margem de erro \u00e9 de 3 pontos percentuais  para mais ou para menos. G1<\/p>\n<\/div>\n","protected":false},"excerpt":{"rendered":"<p>Wagner e Geddel sobem 3 pontos, Paulo Souto despenca O governador da Bahia, Jaques Wagner (PT), seria reeleito no primeiro turno se a elei\u00e7\u00e3o fosse hoje. Ele lidera a disputa pelo governo do estado com 44% das inten\u00e7\u00f5es de voto, enquanto que somados, os seus advers\u00e1rios alcan\u00e7am 37%, de acordo com pesquisa Datafolha encomendada pela [&hellip;]<\/p>\n","protected":false},"author":1,"featured_media":0,"comment_status":"open","ping_status":"open","sticky":false,"template":"","format":"standard","meta":{"footnotes":"","_links_to":"","_links_to_target":""},"categories":[1],"tags":[],"class_list":["post-512","post","type-post","status-publish","format-standard","hentry","category-geral"],"views":2653,"_links":{"self":[{"href":"https:\/\/www.sudoestehoje.com.br\/novoportal\/wp-json\/wp\/v2\/posts\/512","targetHints":{"allow":["GET"]}}],"collection":[{"href":"https:\/\/www.sudoestehoje.com.br\/novoportal\/wp-json\/wp\/v2\/posts"}],"about":[{"href":"https:\/\/www.sudoestehoje.com.br\/novoportal\/wp-json\/wp\/v2\/types\/post"}],"author":[{"embeddable":true,"href":"https:\/\/www.sudoestehoje.com.br\/novoportal\/wp-json\/wp\/v2\/users\/1"}],"replies":[{"embeddable":true,"href":"https:\/\/www.sudoestehoje.com.br\/novoportal\/wp-json\/wp\/v2\/comments?post=512"}],"version-history":[{"count":1,"href":"https:\/\/www.sudoestehoje.com.br\/novoportal\/wp-json\/wp\/v2\/posts\/512\/revisions"}],"predecessor-version":[{"id":513,"href":"https:\/\/www.sudoestehoje.com.br\/novoportal\/wp-json\/wp\/v2\/posts\/512\/revisions\/513"}],"wp:attachment":[{"href":"https:\/\/www.sudoestehoje.com.br\/novoportal\/wp-json\/wp\/v2\/media?parent=512"}],"wp:term":[{"taxonomy":"category","embeddable":true,"href":"https:\/\/www.sudoestehoje.com.br\/novoportal\/wp-json\/wp\/v2\/categories?post=512"},{"taxonomy":"post_tag","embeddable":true,"href":"https:\/\/www.sudoestehoje.com.br\/novoportal\/wp-json\/wp\/v2\/tags?post=512"}],"curies":[{"name":"wp","href":"https:\/\/api.w.org\/{rel}","templated":true}]}}