
{"id":51195,"date":"2015-08-09T10:33:43","date_gmt":"2015-08-09T13:33:43","guid":{"rendered":"http:\/\/www.sudoestehoje.com.br\/novoportal\/?p=51195"},"modified":"2015-08-09T10:35:02","modified_gmt":"2015-08-09T13:35:02","slug":"lidice-afirma-que-senado-discute-de-que-forma-dilma-ira-cair","status":"publish","type":"post","link":"https:\/\/www.sudoestehoje.com.br\/novoportal\/2015\/08\/09\/lidice-afirma-que-senado-discute-de-que-forma-dilma-ira-cair\/","title":{"rendered":"L\u00cdDICE AFIRMA QUE &#8220;SENADO DISCUTE DE QUE FORMA DILMA IR\u00c1 CAIR&#8221;"},"content":{"rendered":"<p><a href=\"http:\/\/www.sudoestehoje.com.br\/novoportal\/wp-content\/uploads\/2015\/08\/LIDICE-E-DILMA.jpg\"><img loading=\"lazy\" decoding=\"async\" class=\"aligncenter  wp-image-51196\" src=\"http:\/\/www.sudoestehoje.com.br\/novoportal\/wp-content\/uploads\/2015\/08\/LIDICE-E-DILMA.jpg\" alt=\"LIDICE E DILMA\" width=\"501\" height=\"369\" \/><\/a><\/p>\n<p>A senadora L\u00eddice da Mata afirmou que, no Senado, a discuss\u00e3o gira em torno da maneira em que a presidente Dilma Rousseff ir\u00e1 cair. \u201cEntre n\u00f3s (senadores), n\u00e3o discutimos se Dilma vai cair ou n\u00e3o. Mas, sim, de que forma ela vai cair\u201d, contou, de acordo com a coluna Tempo Presente, do A Tarde.<\/p>\n<p>Ainda segundo a publica\u00e7\u00e3o, L\u00eddice criticou o perfil da C\u00e2mara dos Deputados. \u201cEduardo Cunha sofreu desgastes com a opini\u00e3o p\u00fablica por conta das den\u00fancias contra ele, mas tem a base dele. O Senado ainda \u00e9 um espa\u00e7o de maior reflex\u00e3o.<\/p>\n<p>H\u00e1 muitos ex-governadores, todos eles preocupados. Os estados est\u00e3o em dificuldades. N\u00e3o h\u00e1 garantia do cen\u00e1rio que vai brotar\u201d, analisou. BN<\/p>\n<p><img decoding=\"async\" class=\"aligncenter\" src=\"http:\/\/www.sudoestehoje.com.br\/novoportal\/wp-content\/uploads\/2014\/09\/supermoda.png\" alt=\"supermoda\" \/><\/p>\n","protected":false},"excerpt":{"rendered":"<p>A senadora L\u00eddice da Mata afirmou que, no Senado, a discuss\u00e3o gira em torno da maneira em que a presidente Dilma Rousseff ir\u00e1 cair. \u201cEntre n\u00f3s (senadores), n\u00e3o discutimos se Dilma vai cair ou n\u00e3o. Mas, sim, de que forma ela vai cair\u201d, contou, de acordo com a coluna Tempo Presente, do A Tarde. Ainda [&hellip;]<\/p>\n","protected":false},"author":2,"featured_media":0,"comment_status":"open","ping_status":"open","sticky":false,"template":"","format":"standard","meta":{"footnotes":"","_links_to":"","_links_to_target":""},"categories":[1],"tags":[],"class_list":["post-51195","post","type-post","status-publish","format-standard","hentry","category-geral"],"views":1244,"_links":{"self":[{"href":"https:\/\/www.sudoestehoje.com.br\/novoportal\/wp-json\/wp\/v2\/posts\/51195","targetHints":{"allow":["GET"]}}],"collection":[{"href":"https:\/\/www.sudoestehoje.com.br\/novoportal\/wp-json\/wp\/v2\/posts"}],"about":[{"href":"https:\/\/www.sudoestehoje.com.br\/novoportal\/wp-json\/wp\/v2\/types\/post"}],"author":[{"embeddable":true,"href":"https:\/\/www.sudoestehoje.com.br\/novoportal\/wp-json\/wp\/v2\/users\/2"}],"replies":[{"embeddable":true,"href":"https:\/\/www.sudoestehoje.com.br\/novoportal\/wp-json\/wp\/v2\/comments?post=51195"}],"version-history":[{"count":3,"href":"https:\/\/www.sudoestehoje.com.br\/novoportal\/wp-json\/wp\/v2\/posts\/51195\/revisions"}],"predecessor-version":[{"id":51199,"href":"https:\/\/www.sudoestehoje.com.br\/novoportal\/wp-json\/wp\/v2\/posts\/51195\/revisions\/51199"}],"wp:attachment":[{"href":"https:\/\/www.sudoestehoje.com.br\/novoportal\/wp-json\/wp\/v2\/media?parent=51195"}],"wp:term":[{"taxonomy":"category","embeddable":true,"href":"https:\/\/www.sudoestehoje.com.br\/novoportal\/wp-json\/wp\/v2\/categories?post=51195"},{"taxonomy":"post_tag","embeddable":true,"href":"https:\/\/www.sudoestehoje.com.br\/novoportal\/wp-json\/wp\/v2\/tags?post=51195"}],"curies":[{"name":"wp","href":"https:\/\/api.w.org\/{rel}","templated":true}]}}