
{"id":5116,"date":"2011-05-22T12:26:43","date_gmt":"2011-05-22T15:26:43","guid":{"rendered":"http:\/\/www.sudoestehoje.com.br\/novoportal\/?p=5116"},"modified":"2011-05-22T13:20:56","modified_gmt":"2011-05-22T16:20:56","slug":"itapetinga-ze-carlos-nao-quer-ir-a-brasilia-discutir-a-crise-da-azaleia","status":"publish","type":"post","link":"https:\/\/www.sudoestehoje.com.br\/novoportal\/2011\/05\/22\/itapetinga-ze-carlos-nao-quer-ir-a-brasilia-discutir-a-crise-da-azaleia\/","title":{"rendered":"ITAPETINGA: Z\u00c9 CARLOS N\u00c3O QUER IR \u00c0 BRASILIA DISCUTIR CRISE DA AZAL\u00c9IA"},"content":{"rendered":"<p style=\"text-align: center;\"><img decoding=\"async\" class=\"aligncenter\" src=\"http:\/\/acertodecontas.blog.br\/wp-content\/uploads\/2008\/01\/charge-jp-e-jc_miguel_jc.jpg\" alt=\"\" \/><\/p>\n<p>\u00a0<\/p>\n<p>ITAPETINGA: A crise no setor cal\u00e7adista, que atinge de cheio a Azal\u00e9ia, virou preocupa\u00e7\u00e3o nacional. Surpreendentemente, quem mais deveria estar preocupado, est\u00e1 se lixando para o problema: o prefeito Jos\u00e9 Carlos Moura, de Itapetinga, cidade onde est\u00e1 situada a maior f\u00e1brica da empresa de cal\u00e7ados. O descaso do prefeito j\u00e1 virou not\u00edcia em todo o Estado. Veja o que diz o conceituado site <em><strong>Pimenta na Muqueca<\/strong><\/em>:<\/p>\n<p><em>&#8220;Deputados, ministros, empres\u00e1rios e autoridades de v\u00e1rias partes do Brasil v\u00e3o se reunir em audi\u00eancia em Bras\u00edlia, na pr\u00f3xima ter\u00e7a (24), para discutir a crise pela qual passa o setor cal\u00e7adista no pa\u00eds. Uma caravana com prefeitos e sindicalistas do centro-sul da Bahia participar\u00e1 da audi\u00eancia.<\/em><\/p>\n<p><em>A regi\u00e3o \u00e9 das mais afetadas pela crise provocada pelo avan\u00e7o dos produtos chineses no pa\u00eds. Embora n\u00e3o sinalize com fechamento, a Azal\u00e9ia Nordeste, situada em Itapetinga, j\u00e1 demitiu mais de 1,2 mil trabalhadores neste ano, o que corresponde a quase 10% da m\u00e3o de obra empregada pela f\u00e1brica na regi\u00e3o.<\/em><\/p>\n<p><em>A pr\u00f3pria Azaleia j\u00e1 anunciou a abertura de f\u00e1brica na China, para n\u00e3o perder mais mercado e, ao mesmo tempo, reduzir custos de produ\u00e7\u00e3o. Em Itapetinga, o buchicho \u00e9 que o prefeito Jos\u00e9 Carlos Moura n\u00e3o participar\u00e1 da audi\u00eancia por causa de \u201cbirra\u201d com o grupo pol\u00edtico do deputado Daniel Almeida (PCdoB).&#8221;<\/em><\/p>\n<p>A popula\u00e7\u00e3o de Itapetinga espera que o prefeito tome juizo, saia do seu eterno estado de in\u00e9rcia e fa\u00e7a alguma coisa em defesa dos mais de 12 mil empregos que a Azal\u00e9ia mant\u00e9m na cidade e regi\u00e3o.<\/p>\n<p><em><strong>Por DAVI FERRAZ<\/strong><\/em><\/p>\n","protected":false},"excerpt":{"rendered":"<p>\u00a0 ITAPETINGA: A crise no setor cal\u00e7adista, que atinge de cheio a Azal\u00e9ia, virou preocupa\u00e7\u00e3o nacional. Surpreendentemente, quem mais deveria estar preocupado, est\u00e1 se lixando para o problema: o prefeito Jos\u00e9 Carlos Moura, de Itapetinga, cidade onde est\u00e1 situada a maior f\u00e1brica da empresa de cal\u00e7ados. O descaso do prefeito j\u00e1 virou not\u00edcia em todo [&hellip;]<\/p>\n","protected":false},"author":2,"featured_media":0,"comment_status":"open","ping_status":"open","sticky":false,"template":"","format":"standard","meta":{"footnotes":"","_links_to":"","_links_to_target":""},"categories":[1],"tags":[],"class_list":["post-5116","post","type-post","status-publish","format-standard","hentry","category-geral"],"views":2420,"_links":{"self":[{"href":"https:\/\/www.sudoestehoje.com.br\/novoportal\/wp-json\/wp\/v2\/posts\/5116","targetHints":{"allow":["GET"]}}],"collection":[{"href":"https:\/\/www.sudoestehoje.com.br\/novoportal\/wp-json\/wp\/v2\/posts"}],"about":[{"href":"https:\/\/www.sudoestehoje.com.br\/novoportal\/wp-json\/wp\/v2\/types\/post"}],"author":[{"embeddable":true,"href":"https:\/\/www.sudoestehoje.com.br\/novoportal\/wp-json\/wp\/v2\/users\/2"}],"replies":[{"embeddable":true,"href":"https:\/\/www.sudoestehoje.com.br\/novoportal\/wp-json\/wp\/v2\/comments?post=5116"}],"version-history":[{"count":5,"href":"https:\/\/www.sudoestehoje.com.br\/novoportal\/wp-json\/wp\/v2\/posts\/5116\/revisions"}],"predecessor-version":[{"id":5120,"href":"https:\/\/www.sudoestehoje.com.br\/novoportal\/wp-json\/wp\/v2\/posts\/5116\/revisions\/5120"}],"wp:attachment":[{"href":"https:\/\/www.sudoestehoje.com.br\/novoportal\/wp-json\/wp\/v2\/media?parent=5116"}],"wp:term":[{"taxonomy":"category","embeddable":true,"href":"https:\/\/www.sudoestehoje.com.br\/novoportal\/wp-json\/wp\/v2\/categories?post=5116"},{"taxonomy":"post_tag","embeddable":true,"href":"https:\/\/www.sudoestehoje.com.br\/novoportal\/wp-json\/wp\/v2\/tags?post=5116"}],"curies":[{"name":"wp","href":"https:\/\/api.w.org\/{rel}","templated":true}]}}