
{"id":51136,"date":"2015-08-07T01:46:46","date_gmt":"2015-08-07T04:46:46","guid":{"rendered":"http:\/\/www.sudoestehoje.com.br\/novoportal\/?p=51136"},"modified":"2015-08-08T19:14:09","modified_gmt":"2015-08-08T22:14:09","slug":"carta-renuncia-de-dilma-ja-esta-pronta-afirmam-fontes-do-planalto","status":"publish","type":"post","link":"https:\/\/www.sudoestehoje.com.br\/novoportal\/2015\/08\/07\/carta-renuncia-de-dilma-ja-esta-pronta-afirmam-fontes-do-planalto\/","title":{"rendered":"CARTA-REN\u00daNCIA DE DILMA J\u00c1 EST\u00c1 PRONTA, AFIRMAM FONTES DO PLANALTO"},"content":{"rendered":"<p><a href=\"http:\/\/www.sudoestehoje.com.br\/novoportal\/wp-content\/uploads\/2015\/08\/dilma-by-lula-marques.jpg\"><img loading=\"lazy\" decoding=\"async\" class=\"aligncenter size-medium wp-image-51137\" src=\"http:\/\/www.sudoestehoje.com.br\/novoportal\/wp-content\/uploads\/2015\/08\/dilma-by-lula-marques-500x253.jpg\" alt=\"dilma by lula marques\" width=\"500\" height=\"253\" srcset=\"https:\/\/www.sudoestehoje.com.br\/novoportal\/wp-content\/uploads\/2015\/08\/dilma-by-lula-marques-500x253.jpg 500w, https:\/\/www.sudoestehoje.com.br\/novoportal\/wp-content\/uploads\/2015\/08\/dilma-by-lula-marques-700x355.jpg 700w, https:\/\/www.sudoestehoje.com.br\/novoportal\/wp-content\/uploads\/2015\/08\/dilma-by-lula-marques-150x76.jpg 150w, https:\/\/www.sudoestehoje.com.br\/novoportal\/wp-content\/uploads\/2015\/08\/dilma-by-lula-marques.jpg 1600w\" sizes=\"auto, (max-width: 500px) 100vw, 500px\" \/><\/a><\/p>\n<p><strong><em>Di\u00e1rio do Poder<\/em><\/strong><\/p>\n<p>Apesar de ter declarado que \u201csuporta a press\u00e3o\u201d, a presidente Dilma j\u00e1 teria preparado uma carta-ren\u00fancia. Fontes do Pal\u00e1cio do Planalto garantem que a reda\u00e7\u00e3o da carta n\u00e3o foi um ato solit\u00e1rio, como \u00e9 comum nesses casos: Dilma teria contado com a ajuda de dois dos seus ministros mais pr\u00f3ximos, Aloizio Mercadante (Casa Civil) e Jos\u00e9 Eduardo Cardozo (Justi\u00e7a), apesar de ambos serem contr\u00e1rios \u00e0 ideia.<\/p>\n<p>Confirmada a ren\u00fancia de Dilma, o vice-presidente Michel Temer (PMDB) assumiria imediatamente o comando do Executivo.<\/p>\n<p>Al\u00e9m da ren\u00fancia, h\u00e1 outras hip\u00f3teses para a sa\u00edda de Dilma: a\u00e7\u00e3o na Justi\u00e7a Eleitoral e representa\u00e7\u00e3o da oposi\u00e7\u00e3o por crime financeiro.<\/p>\n<p>A a\u00e7\u00e3o eleitoral por financiamento ilegal de campanha pode culminar no cancelamento do registro da chapa. Assim, cairiam Dilma e Temer.<\/p>\n<p>Se prosperar a representa\u00e7\u00e3o da oposi\u00e7\u00e3o na Procuradoria-Geral da Rep\u00fablica por crimes financeiros, Dilma tamb\u00e9m poderia ser cassada. Leia mais na <span style=\"color: #0000ff;\"><a style=\"color: #0000ff;\" href=\"http:\/\/www.diariodopoder.com.br\/coluna.php\">Coluna Cl\u00e1udio Humberto<\/a><\/span><\/p>\n<p><img decoding=\"async\" class=\"aligncenter\" src=\"http:\/\/www.sudoestehoje.com.br\/novoportal\/wp-content\/uploads\/2014\/12\/Banner-Casabella-500x104.jpg\" alt=\"Banner Casabella\" \/><\/p>\n","protected":false},"excerpt":{"rendered":"<p>Di\u00e1rio do Poder Apesar de ter declarado que \u201csuporta a press\u00e3o\u201d, a presidente Dilma j\u00e1 teria preparado uma carta-ren\u00fancia. Fontes do Pal\u00e1cio do Planalto garantem que a reda\u00e7\u00e3o da carta n\u00e3o foi um ato solit\u00e1rio, como \u00e9 comum nesses casos: Dilma teria contado com a ajuda de dois dos seus ministros mais pr\u00f3ximos, Aloizio Mercadante [&hellip;]<\/p>\n","protected":false},"author":2,"featured_media":0,"comment_status":"open","ping_status":"open","sticky":false,"template":"","format":"standard","meta":{"footnotes":"","_links_to":"","_links_to_target":""},"categories":[1],"tags":[],"class_list":["post-51136","post","type-post","status-publish","format-standard","hentry","category-geral"],"views":2724,"_links":{"self":[{"href":"https:\/\/www.sudoestehoje.com.br\/novoportal\/wp-json\/wp\/v2\/posts\/51136","targetHints":{"allow":["GET"]}}],"collection":[{"href":"https:\/\/www.sudoestehoje.com.br\/novoportal\/wp-json\/wp\/v2\/posts"}],"about":[{"href":"https:\/\/www.sudoestehoje.com.br\/novoportal\/wp-json\/wp\/v2\/types\/post"}],"author":[{"embeddable":true,"href":"https:\/\/www.sudoestehoje.com.br\/novoportal\/wp-json\/wp\/v2\/users\/2"}],"replies":[{"embeddable":true,"href":"https:\/\/www.sudoestehoje.com.br\/novoportal\/wp-json\/wp\/v2\/comments?post=51136"}],"version-history":[{"count":5,"href":"https:\/\/www.sudoestehoje.com.br\/novoportal\/wp-json\/wp\/v2\/posts\/51136\/revisions"}],"predecessor-version":[{"id":51175,"href":"https:\/\/www.sudoestehoje.com.br\/novoportal\/wp-json\/wp\/v2\/posts\/51136\/revisions\/51175"}],"wp:attachment":[{"href":"https:\/\/www.sudoestehoje.com.br\/novoportal\/wp-json\/wp\/v2\/media?parent=51136"}],"wp:term":[{"taxonomy":"category","embeddable":true,"href":"https:\/\/www.sudoestehoje.com.br\/novoportal\/wp-json\/wp\/v2\/categories?post=51136"},{"taxonomy":"post_tag","embeddable":true,"href":"https:\/\/www.sudoestehoje.com.br\/novoportal\/wp-json\/wp\/v2\/tags?post=51136"}],"curies":[{"name":"wp","href":"https:\/\/api.w.org\/{rel}","templated":true}]}}