
{"id":51108,"date":"2015-08-06T09:25:11","date_gmt":"2015-08-06T12:25:11","guid":{"rendered":"http:\/\/www.sudoestehoje.com.br\/novoportal\/?p=51108"},"modified":"2015-08-06T09:25:11","modified_gmt":"2015-08-06T12:25:11","slug":"envolvido-na-lava-jato-collor-chama-janot-de-filho-da-puta","status":"publish","type":"post","link":"https:\/\/www.sudoestehoje.com.br\/novoportal\/2015\/08\/06\/envolvido-na-lava-jato-collor-chama-janot-de-filho-da-puta\/","title":{"rendered":"ENVOLVIDO NA LAVA JATO, COLLOR CHAMA JANOT DE &#8220;FILHO DA PUTA&#8221;"},"content":{"rendered":"<p><a href=\"http:\/\/www.sudoestehoje.com.br\/novoportal\/wp-content\/uploads\/2015\/08\/collor620.jpg\"><img loading=\"lazy\" decoding=\"async\" class=\"aligncenter size-medium wp-image-51109\" src=\"http:\/\/www.sudoestehoje.com.br\/novoportal\/wp-content\/uploads\/2015\/08\/collor620-500x375.jpg\" alt=\"collor620\" width=\"500\" height=\"375\" srcset=\"https:\/\/www.sudoestehoje.com.br\/novoportal\/wp-content\/uploads\/2015\/08\/collor620-500x375.jpg 500w, https:\/\/www.sudoestehoje.com.br\/novoportal\/wp-content\/uploads\/2015\/08\/collor620-150x113.jpg 150w, https:\/\/www.sudoestehoje.com.br\/novoportal\/wp-content\/uploads\/2015\/08\/collor620.jpg 620w\" sizes=\"auto, (max-width: 500px) 100vw, 500px\" \/><\/a><\/p>\n<p>O ex-presidente e senador Fernando Collor subiu \u00e0 tribuna do senado nesta ter\u00e7a(5) para fazer a sua defesa \u00e0 respeito das acusa\u00e7\u00f5es do Procurador Geral da Rep\u00fablica, Rodrigo Janot, de que suas empresas teriam recebido 26 milh\u00f5es de empresas ligadas a Opera\u00e7\u00e3o Lava Jato.<\/p>\n<p>Classificando as den\u00fancias como midi\u00e1ticas, Collor xingou Janot de &#8220;filho da puta&#8221; e acusou o procurador de estar usando estas acusa\u00e7\u00f5es para se reeleger ao cargo de Procutador Geral. Janot foi o mais votado na elei\u00e7\u00e3o deste mesmo dia para compor a lista tr\u00edplice que vai nomear o novo ocupante do cargo.<\/p>\n<p>Confira o v\u00eddeo da TV Senado (sussurro acontece aos 21 segundos):<\/p>\n<p>https:\/\/www.youtube.com\/watch?t=19&#038;v=2WuZQWRGN7c<\/p>\n","protected":false},"excerpt":{"rendered":"<p>O ex-presidente e senador Fernando Collor subiu \u00e0 tribuna do senado nesta ter\u00e7a(5) para fazer a sua defesa \u00e0 respeito das acusa\u00e7\u00f5es do Procurador Geral da Rep\u00fablica, Rodrigo Janot, de que suas empresas teriam recebido 26 milh\u00f5es de empresas ligadas a Opera\u00e7\u00e3o Lava Jato. Classificando as den\u00fancias como midi\u00e1ticas, Collor xingou Janot de &#8220;filho da [&hellip;]<\/p>\n","protected":false},"author":2,"featured_media":0,"comment_status":"open","ping_status":"open","sticky":false,"template":"","format":"standard","meta":{"footnotes":"","_links_to":"","_links_to_target":""},"categories":[1],"tags":[],"class_list":["post-51108","post","type-post","status-publish","format-standard","hentry","category-geral"],"views":1568,"_links":{"self":[{"href":"https:\/\/www.sudoestehoje.com.br\/novoportal\/wp-json\/wp\/v2\/posts\/51108","targetHints":{"allow":["GET"]}}],"collection":[{"href":"https:\/\/www.sudoestehoje.com.br\/novoportal\/wp-json\/wp\/v2\/posts"}],"about":[{"href":"https:\/\/www.sudoestehoje.com.br\/novoportal\/wp-json\/wp\/v2\/types\/post"}],"author":[{"embeddable":true,"href":"https:\/\/www.sudoestehoje.com.br\/novoportal\/wp-json\/wp\/v2\/users\/2"}],"replies":[{"embeddable":true,"href":"https:\/\/www.sudoestehoje.com.br\/novoportal\/wp-json\/wp\/v2\/comments?post=51108"}],"version-history":[{"count":3,"href":"https:\/\/www.sudoestehoje.com.br\/novoportal\/wp-json\/wp\/v2\/posts\/51108\/revisions"}],"predecessor-version":[{"id":51112,"href":"https:\/\/www.sudoestehoje.com.br\/novoportal\/wp-json\/wp\/v2\/posts\/51108\/revisions\/51112"}],"wp:attachment":[{"href":"https:\/\/www.sudoestehoje.com.br\/novoportal\/wp-json\/wp\/v2\/media?parent=51108"}],"wp:term":[{"taxonomy":"category","embeddable":true,"href":"https:\/\/www.sudoestehoje.com.br\/novoportal\/wp-json\/wp\/v2\/categories?post=51108"},{"taxonomy":"post_tag","embeddable":true,"href":"https:\/\/www.sudoestehoje.com.br\/novoportal\/wp-json\/wp\/v2\/tags?post=51108"}],"curies":[{"name":"wp","href":"https:\/\/api.w.org\/{rel}","templated":true}]}}