
{"id":51096,"date":"2015-08-05T19:57:34","date_gmt":"2015-08-05T22:57:34","guid":{"rendered":"http:\/\/www.sudoestehoje.com.br\/novoportal\/?p=51096"},"modified":"2015-08-05T21:15:10","modified_gmt":"2015-08-06T00:15:10","slug":"macarani-nova-eleicao-para-prefeito-e-vice-sera-em-4-de-outubro","status":"publish","type":"post","link":"https:\/\/www.sudoestehoje.com.br\/novoportal\/2015\/08\/05\/macarani-nova-eleicao-para-prefeito-e-vice-sera-em-4-de-outubro\/","title":{"rendered":"MACARANI: NOVA ELEI\u00c7\u00c3O PARA PREFEITO E VICE SER\u00c1 EM 4 DE OUTUBRO"},"content":{"rendered":"<p><a href=\"http:\/\/www.sudoestehoje.com.br\/novoportal\/wp-content\/uploads\/2015\/08\/prefeitura.png\"><img loading=\"lazy\" decoding=\"async\" class=\"aligncenter  wp-image-51097\" src=\"http:\/\/www.sudoestehoje.com.br\/novoportal\/wp-content\/uploads\/2015\/08\/prefeitura.png\" alt=\"prefeitura\" width=\"500\" height=\"375\" srcset=\"https:\/\/www.sudoestehoje.com.br\/novoportal\/wp-content\/uploads\/2015\/08\/prefeitura.png 400w, https:\/\/www.sudoestehoje.com.br\/novoportal\/wp-content\/uploads\/2015\/08\/prefeitura-150x113.png 150w\" sizes=\"auto, (max-width: 500px) 100vw, 500px\" \/><\/a><\/p>\n<p>Com a cassa\u00e7\u00e3o do prefeito Ant\u00f4nio Carlos Ara\u00fajo (Carlinhos) e sua vice Elza Soares, o presidente da C\u00e2mara Municipal, Jorge Motos, acabou assumindo a prefeitura de Macarani, at\u00e9 a realiza\u00e7\u00e3o de novas elei\u00e7\u00f5es.<\/p>\n<p>Em decis\u00e3o tomada na tarde desta quarta-feira (5), o TRE decidiu marcar o novo pleito para o dia 4 de outubro deste ano, para prefeito e vice, atrav\u00e9s de elei\u00e7\u00f5es diretas, estabelecendo, tamb\u00e9m, o prazo para registro das chapas, que ocorrer\u00e1 at\u00e9 o dia 15 de agosto pr\u00f3ximo.<\/p>\n<p>Os principais grupos pol\u00edticos da cidade j\u00e1 est\u00e3o se articulando para concorrer ao novo pleito, e muitas surpresas podem acontecer at\u00e9 a data final para registro, estabelecida pela Justi\u00e7a Eleitoral. Os grupos de Armando Porto, Olisandro Nogueira e Carlinhos j\u00e1 est\u00e3o em luta aberta pela sucess\u00e3o, mas os nomes ainda n\u00e3o foram definidos.<\/p>\n<p>Alian\u00e7as e coliga\u00e7\u00f5es entre antigos e novos advers\u00e1rios n\u00e3o est\u00e3o descartados.<\/p>\n<p><strong><em>Por Davi Ferraz<\/em><\/strong><\/p>\n<p><img loading=\"lazy\" decoding=\"async\" class=\" aligncenter\" src=\"http:\/\/2.bp.blogspot.com\/-70-eOs__L20\/VPCyusPhXRI\/AAAAAAAACAQ\/KHorKekdACs\/s640\/tarug%C3%A3o1.jpg\" alt=\"\" width=\"501\" height=\"141\" \/><\/p>\n","protected":false},"excerpt":{"rendered":"<p>Com a cassa\u00e7\u00e3o do prefeito Ant\u00f4nio Carlos Ara\u00fajo (Carlinhos) e sua vice Elza Soares, o presidente da C\u00e2mara Municipal, Jorge Motos, acabou assumindo a prefeitura de Macarani, at\u00e9 a realiza\u00e7\u00e3o de novas elei\u00e7\u00f5es. Em decis\u00e3o tomada na tarde desta quarta-feira (5), o TRE decidiu marcar o novo pleito para o dia 4 de outubro deste [&hellip;]<\/p>\n","protected":false},"author":2,"featured_media":0,"comment_status":"open","ping_status":"open","sticky":false,"template":"","format":"standard","meta":{"footnotes":"","_links_to":"","_links_to_target":""},"categories":[1],"tags":[],"class_list":["post-51096","post","type-post","status-publish","format-standard","hentry","category-geral"],"views":2301,"_links":{"self":[{"href":"https:\/\/www.sudoestehoje.com.br\/novoportal\/wp-json\/wp\/v2\/posts\/51096","targetHints":{"allow":["GET"]}}],"collection":[{"href":"https:\/\/www.sudoestehoje.com.br\/novoportal\/wp-json\/wp\/v2\/posts"}],"about":[{"href":"https:\/\/www.sudoestehoje.com.br\/novoportal\/wp-json\/wp\/v2\/types\/post"}],"author":[{"embeddable":true,"href":"https:\/\/www.sudoestehoje.com.br\/novoportal\/wp-json\/wp\/v2\/users\/2"}],"replies":[{"embeddable":true,"href":"https:\/\/www.sudoestehoje.com.br\/novoportal\/wp-json\/wp\/v2\/comments?post=51096"}],"version-history":[{"count":3,"href":"https:\/\/www.sudoestehoje.com.br\/novoportal\/wp-json\/wp\/v2\/posts\/51096\/revisions"}],"predecessor-version":[{"id":51100,"href":"https:\/\/www.sudoestehoje.com.br\/novoportal\/wp-json\/wp\/v2\/posts\/51096\/revisions\/51100"}],"wp:attachment":[{"href":"https:\/\/www.sudoestehoje.com.br\/novoportal\/wp-json\/wp\/v2\/media?parent=51096"}],"wp:term":[{"taxonomy":"category","embeddable":true,"href":"https:\/\/www.sudoestehoje.com.br\/novoportal\/wp-json\/wp\/v2\/categories?post=51096"},{"taxonomy":"post_tag","embeddable":true,"href":"https:\/\/www.sudoestehoje.com.br\/novoportal\/wp-json\/wp\/v2\/tags?post=51096"}],"curies":[{"name":"wp","href":"https:\/\/api.w.org\/{rel}","templated":true}]}}