
{"id":51093,"date":"2015-08-06T10:05:28","date_gmt":"2015-08-06T13:05:28","guid":{"rendered":"http:\/\/www.sudoestehoje.com.br\/novoportal\/?p=51093"},"modified":"2015-08-06T10:05:26","modified_gmt":"2015-08-06T13:05:26","slug":"nomes-para-2016-renan-pereira","status":"publish","type":"post","link":"https:\/\/www.sudoestehoje.com.br\/novoportal\/2015\/08\/06\/nomes-para-2016-renan-pereira\/","title":{"rendered":"NOMES PARA 2016 &#8211; RENAN PEREIRA"},"content":{"rendered":"<p><a href=\"http:\/\/www.sudoestehoje.com.br\/novoportal\/wp-content\/uploads\/2015\/08\/RENAN-PEREIRA-2.jpg\"><img loading=\"lazy\" decoding=\"async\" class=\"aligncenter  wp-image-51105\" src=\"http:\/\/www.sudoestehoje.com.br\/novoportal\/wp-content\/uploads\/2015\/08\/RENAN-PEREIRA-2.jpg\" alt=\"RENAN PEREIRA 2\" width=\"351\" height=\"344\" srcset=\"https:\/\/www.sudoestehoje.com.br\/novoportal\/wp-content\/uploads\/2015\/08\/RENAN-PEREIRA-2.jpg 287w, https:\/\/www.sudoestehoje.com.br\/novoportal\/wp-content\/uploads\/2015\/08\/RENAN-PEREIRA-2-150x147.jpg 150w\" sizes=\"auto, (max-width: 351px) 100vw, 351px\" \/><\/a><\/p>\n<p>Dentre os prov\u00e1veis candidatos das oposi\u00e7\u00f5es \u00e0 prefeitura de Itapetinga, o que mais tem se movimentado para viabilizar a sua candidatura \u00e9 o democrata Renan Pereira, ex-Secret\u00e1rio da Fazenda no governo de Jos\u00e9 Ot\u00e1vio Curvelo, entre 1997 e 2000. Nas elei\u00e7\u00f5es de 2008, Renan Pereira encabe\u00e7ou a chapa majorit\u00e1ria do seu partido, ficando na terceira coloca\u00e7\u00e3o. Agora pleiteia a candidatura a prefeito pelas oposi\u00e7\u00f5es unidas, e j\u00e1 conta com um grande n\u00famero de apoiadores, tanto no DEM, quanto no PMDB e outros partidos.<\/p>\n<p>OS PR\u00d3S<\/p>\n<p>Renan Pereira tem a seu favor a determina\u00e7\u00e3o e a experi\u00eancia administrativa, por ter realizado um bom trabalho durante a sua atua\u00e7\u00e3o como secret\u00e1rio municipal. \u00c9 tamb\u00e9m um empres\u00e1rio atuante, com fortes liga\u00e7\u00f5es na \u00e1rea do esporte. Conhecido com &#8220;o trator&#8217;, Renan goza da fama de homem de pulso e realizador.<\/p>\n<p>OS CONTRAS<\/p>\n<p>A grande dificuldade de Renan Pereira no processo eleitoral que se aproxima, \u00e9 viabilizar a sua candidatura, diante do grande n\u00famero de pretendentes nas hostes oposicionistas, o que requer muita habilidade e menos a\u00e7odamento. Isto, entretanto, n\u00e3o significa que tenha de abrir m\u00e3o das articula\u00e7\u00f5es pol\u00edticas, nem mudar o seu estilo. Se conseguir romper essa barreira e aglutinar em torno do seu nome os principais partidos da oposi\u00e7\u00e3o, ser\u00e1 um forte candidato.<\/p>\n<p><strong><em>Por Davi Ferraz\u00a0<\/em><\/strong><\/p>\n<p><img decoding=\"async\" class=\"aligncenter\" src=\"http:\/\/www.sudoestehoje.com.br\/novoportal\/wp-content\/uploads\/2014\/07\/Feira-do-Lar-1.png\" alt=\"Feira-do-Lar (1)\" \/><\/p>\n","protected":false},"excerpt":{"rendered":"<p>Dentre os prov\u00e1veis candidatos das oposi\u00e7\u00f5es \u00e0 prefeitura de Itapetinga, o que mais tem se movimentado para viabilizar a sua candidatura \u00e9 o democrata Renan Pereira, ex-Secret\u00e1rio da Fazenda no governo de Jos\u00e9 Ot\u00e1vio Curvelo, entre 1997 e 2000. Nas elei\u00e7\u00f5es de 2008, Renan Pereira encabe\u00e7ou a chapa majorit\u00e1ria do seu partido, ficando na terceira [&hellip;]<\/p>\n","protected":false},"author":2,"featured_media":0,"comment_status":"open","ping_status":"open","sticky":false,"template":"","format":"standard","meta":{"footnotes":"","_links_to":"","_links_to_target":""},"categories":[1],"tags":[],"class_list":["post-51093","post","type-post","status-publish","format-standard","hentry","category-geral"],"views":2315,"_links":{"self":[{"href":"https:\/\/www.sudoestehoje.com.br\/novoportal\/wp-json\/wp\/v2\/posts\/51093","targetHints":{"allow":["GET"]}}],"collection":[{"href":"https:\/\/www.sudoestehoje.com.br\/novoportal\/wp-json\/wp\/v2\/posts"}],"about":[{"href":"https:\/\/www.sudoestehoje.com.br\/novoportal\/wp-json\/wp\/v2\/types\/post"}],"author":[{"embeddable":true,"href":"https:\/\/www.sudoestehoje.com.br\/novoportal\/wp-json\/wp\/v2\/users\/2"}],"replies":[{"embeddable":true,"href":"https:\/\/www.sudoestehoje.com.br\/novoportal\/wp-json\/wp\/v2\/comments?post=51093"}],"version-history":[{"count":4,"href":"https:\/\/www.sudoestehoje.com.br\/novoportal\/wp-json\/wp\/v2\/posts\/51093\/revisions"}],"predecessor-version":[{"id":51107,"href":"https:\/\/www.sudoestehoje.com.br\/novoportal\/wp-json\/wp\/v2\/posts\/51093\/revisions\/51107"}],"wp:attachment":[{"href":"https:\/\/www.sudoestehoje.com.br\/novoportal\/wp-json\/wp\/v2\/media?parent=51093"}],"wp:term":[{"taxonomy":"category","embeddable":true,"href":"https:\/\/www.sudoestehoje.com.br\/novoportal\/wp-json\/wp\/v2\/categories?post=51093"},{"taxonomy":"post_tag","embeddable":true,"href":"https:\/\/www.sudoestehoje.com.br\/novoportal\/wp-json\/wp\/v2\/tags?post=51093"}],"curies":[{"name":"wp","href":"https:\/\/api.w.org\/{rel}","templated":true}]}}