
{"id":51071,"date":"2015-08-04T22:59:55","date_gmt":"2015-08-05T01:59:55","guid":{"rendered":"http:\/\/www.sudoestehoje.com.br\/novoportal\/?p=51071"},"modified":"2015-08-05T14:08:19","modified_gmt":"2015-08-05T17:08:19","slug":"jose-dirceu-divide-cela-com-contrabandistas-em-curitiba","status":"publish","type":"post","link":"https:\/\/www.sudoestehoje.com.br\/novoportal\/2015\/08\/04\/jose-dirceu-divide-cela-com-contrabandistas-em-curitiba\/","title":{"rendered":"JOS\u00c9 DIRCEU DIVIDE CELA COM CONTRABANDISTAS EM CURITIBA"},"content":{"rendered":"<p><a href=\"http:\/\/www.sudoestehoje.com.br\/novoportal\/wp-content\/uploads\/2015\/08\/DIRCEU.jpeg\"><img loading=\"lazy\" decoding=\"async\" class=\"aligncenter size-medium wp-image-51072\" src=\"http:\/\/www.sudoestehoje.com.br\/novoportal\/wp-content\/uploads\/2015\/08\/DIRCEU-500x375.jpeg\" alt=\"DIRCEU\" width=\"500\" height=\"375\" srcset=\"https:\/\/www.sudoestehoje.com.br\/novoportal\/wp-content\/uploads\/2015\/08\/DIRCEU-500x375.jpeg 500w, https:\/\/www.sudoestehoje.com.br\/novoportal\/wp-content\/uploads\/2015\/08\/DIRCEU-150x113.jpeg 150w, https:\/\/www.sudoestehoje.com.br\/novoportal\/wp-content\/uploads\/2015\/08\/DIRCEU.jpeg 690w\" sizes=\"auto, (max-width: 500px) 100vw, 500px\" \/><\/a><\/p>\n<p>O ex-ministro Jos\u00e9 Dirceu passou hoje a dividir uma cela na carceragem da Pol\u00edcia Federal em Curitiba com dois contrabandistas. Preso na 17\u00aa fase da Opera\u00e7\u00e3o Lava Jato, Dirceu chegou por volta das 17 horas \u00e0 capital paranaense e foi recebido por um grupo de manifestantes, em frente \u00e0 Pol\u00edcia Federal, com palavras hostis e provoca\u00e7\u00e3o .<\/p>\n<p>Ao contr\u00e1rio dos demais detidos na Lava Jato, incluindo o empreiteiro Marcelo Odebrecht, Dirceu teve de abandonar a tradicional van da PF e entrar em outra viatura para evitar o protesto. Para o delegado Igor Rom\u00e1rio de Paula, que atua na Lava Jato, havia uma concreta &#8220;preocupa\u00e7\u00e3o de agress\u00e3o&#8221; contra o petista.<\/p>\n<p>Na tarde de hoje, o ex-chefe da Casa Civil foi levado para a \u00e1rea de cust\u00f3dia da Pol\u00edcia e alojado na mesma ala em que tamb\u00e9m est\u00e3o os ex-diretores da Petrobras Nestor Cerver\u00f3 e Jorge Zelada e o doleiro Alberto Youssef, um dos principais delatores do petrol\u00e3o. Nenhum deles, por\u00e9m, compartilha a cela com outros suspeitos da Lava Jato para evitar a combina\u00e7\u00e3o de vers\u00f5es e atrapalhar o curso das investiga\u00e7\u00f5es.<\/p>\n<p><img decoding=\"async\" class=\"aligncenter\" src=\"http:\/\/www.sudoestehoje.com.br\/novoportal\/wp-content\/uploads\/2015\/02\/NOVO-BANNER-COOLEITE-500x250.jpg\" alt=\"NOVO BANNER COOLEITE\" \/><\/p>\n","protected":false},"excerpt":{"rendered":"<p>O ex-ministro Jos\u00e9 Dirceu passou hoje a dividir uma cela na carceragem da Pol\u00edcia Federal em Curitiba com dois contrabandistas. Preso na 17\u00aa fase da Opera\u00e7\u00e3o Lava Jato, Dirceu chegou por volta das 17 horas \u00e0 capital paranaense e foi recebido por um grupo de manifestantes, em frente \u00e0 Pol\u00edcia Federal, com palavras hostis e [&hellip;]<\/p>\n","protected":false},"author":2,"featured_media":0,"comment_status":"open","ping_status":"open","sticky":false,"template":"","format":"standard","meta":{"footnotes":"","_links_to":"","_links_to_target":""},"categories":[1],"tags":[],"class_list":["post-51071","post","type-post","status-publish","format-standard","hentry","category-geral"],"views":1466,"_links":{"self":[{"href":"https:\/\/www.sudoestehoje.com.br\/novoportal\/wp-json\/wp\/v2\/posts\/51071","targetHints":{"allow":["GET"]}}],"collection":[{"href":"https:\/\/www.sudoestehoje.com.br\/novoportal\/wp-json\/wp\/v2\/posts"}],"about":[{"href":"https:\/\/www.sudoestehoje.com.br\/novoportal\/wp-json\/wp\/v2\/types\/post"}],"author":[{"embeddable":true,"href":"https:\/\/www.sudoestehoje.com.br\/novoportal\/wp-json\/wp\/v2\/users\/2"}],"replies":[{"embeddable":true,"href":"https:\/\/www.sudoestehoje.com.br\/novoportal\/wp-json\/wp\/v2\/comments?post=51071"}],"version-history":[{"count":3,"href":"https:\/\/www.sudoestehoje.com.br\/novoportal\/wp-json\/wp\/v2\/posts\/51071\/revisions"}],"predecessor-version":[{"id":51092,"href":"https:\/\/www.sudoestehoje.com.br\/novoportal\/wp-json\/wp\/v2\/posts\/51071\/revisions\/51092"}],"wp:attachment":[{"href":"https:\/\/www.sudoestehoje.com.br\/novoportal\/wp-json\/wp\/v2\/media?parent=51071"}],"wp:term":[{"taxonomy":"category","embeddable":true,"href":"https:\/\/www.sudoestehoje.com.br\/novoportal\/wp-json\/wp\/v2\/categories?post=51071"},{"taxonomy":"post_tag","embeddable":true,"href":"https:\/\/www.sudoestehoje.com.br\/novoportal\/wp-json\/wp\/v2\/tags?post=51071"}],"curies":[{"name":"wp","href":"https:\/\/api.w.org\/{rel}","templated":true}]}}