
{"id":51065,"date":"2015-08-04T19:01:45","date_gmt":"2015-08-04T22:01:45","guid":{"rendered":"http:\/\/www.sudoestehoje.com.br\/novoportal\/?p=51065"},"modified":"2015-08-04T19:10:58","modified_gmt":"2015-08-04T22:10:58","slug":"professores-da-uesb-aceitam-proposta-do-governo-e-acordo-sai-na-quinta","status":"publish","type":"post","link":"https:\/\/www.sudoestehoje.com.br\/novoportal\/2015\/08\/04\/professores-da-uesb-aceitam-proposta-do-governo-e-acordo-sai-na-quinta\/","title":{"rendered":"PROFESSORES DA UESB ACEITAM PROPOSTA DO GOVERNO E ACORDO SAI NA QUINTA"},"content":{"rendered":"<p><a href=\"http:\/\/www.sudoestehoje.com.br\/novoportal\/wp-content\/uploads\/2015\/08\/ADUSB.jpg\"><img loading=\"lazy\" decoding=\"async\" class=\"aligncenter size-medium wp-image-51067\" src=\"http:\/\/www.sudoestehoje.com.br\/novoportal\/wp-content\/uploads\/2015\/08\/ADUSB-500x279.jpg\" alt=\"ADUSB\" width=\"500\" height=\"279\" srcset=\"https:\/\/www.sudoestehoje.com.br\/novoportal\/wp-content\/uploads\/2015\/08\/ADUSB-500x279.jpg 500w, https:\/\/www.sudoestehoje.com.br\/novoportal\/wp-content\/uploads\/2015\/08\/ADUSB-700x391.jpg 700w, https:\/\/www.sudoestehoje.com.br\/novoportal\/wp-content\/uploads\/2015\/08\/ADUSB-150x84.jpg 150w, https:\/\/www.sudoestehoje.com.br\/novoportal\/wp-content\/uploads\/2015\/08\/ADUSB.jpg 1024w\" sizes=\"auto, (max-width: 500px) 100vw, 500px\" \/><\/a><\/p>\n<p>Reunidos em assembleia, nessa ter\u00e7a-feira (4), os professores da UESB decidiram aceitar a proposta do governo, mas v\u00e3o manter a greve at\u00e9 que o acordo seja assinado. A proposta aceita pela categoria garante o respeito aos direitos trabalhistas, assegura a autonomia universit\u00e1ria e o repasse integral do or\u00e7amento 2015 das Universidades.<\/p>\n<p>Os docentes avaliaram a greve como vitoriosa e afirmaram que se manter\u00e3o mobilizados por mais recursos para as Universidades, implanta\u00e7\u00e3o do or\u00e7amento participativo na UESB e estar\u00e3o com os estudantes na luta pela perman\u00eancia estudantil. A reuni\u00e3o para assinatura do acordo acontecer\u00e1 na quinta-feira (6), com hor\u00e1rio a ser definido.<\/p>\n<p><img decoding=\"async\" class=\" aligncenter\" src=\"http:\/\/img.blogdoanderson.com\/publicidade\/cristo-redentor-02-15.jpg\" alt=\"\" \/><!--more--><\/p>\n<p><strong>A irresponsabilidade\u00a0do governo<\/strong><\/p>\n<p>De forma desrespeitosa, o governo Rui Costa n\u00e3o apresentou o termo de compromisso, com agenda de reuni\u00f5es para discutir o planejamento 2016. Como as assembleias do dia 30 de julho condicionaram assinatura do acordo \u00e0 apresenta\u00e7\u00e3o do referido documento, os representantes docentes voltaram \u00e0s suas bases para discutir a situa\u00e7\u00e3o.<\/p>\n<p><strong>Termo de acordo<\/strong><\/p>\n<p>Na avalia\u00e7\u00e3o da assembleia, os mais de 80 dias em greve trouxeram conquistas significativas para a categoria, assim como para as Universidades, que ser\u00e3o consolidadas com a assinatura do acordo. Para a presidenta da Adusb, M\u00e1rcia Lemos, \u201cessa greve \u00e9 a vit\u00f3ria da classe trabalhadora no Estado da Bahia\u201d.<\/p>\n<p>Segundo o termo de acordo, promo\u00e7\u00f5es, progress\u00f5es e mudan\u00e7as de regime de trabalho represadas ser\u00e3o implementadas. Os recursos para os pagamentos n\u00e3o comprometer\u00e3o outros direitos trabalhistas, a manuten\u00e7\u00e3o, a\u00e7\u00f5es do PPA, final\u00edstica de custeio e investimento das Universidades. Em at\u00e9 60 dias o governo encaminhar\u00e1 para a Assembleia Legislativa o projeto que revoga a lei 7176\/97 e assegura a autonomia universit\u00e1ria conforme o artigo 207 da Constitui\u00e7\u00e3o Federal. O or\u00e7amento das Universidades desse ano, que n\u00e3o estava sendo repassado totalmente antes do Movimento Grevista, ser\u00e1 garantido em sua integralidade.<\/p>\n<p><strong>A luta permanece<\/strong><\/p>\n<p>Os professores estar\u00e3o mobilizados durante a constru\u00e7\u00e3o da Lei Or\u00e7ament\u00e1ria Anual para reivindicarem o investimento de 7% da receita l\u00edquida de impostos para as universidades. Os projetos para a altera\u00e7\u00e3o do quadro de vagas e revoga\u00e7\u00e3o da lei 7176\/97 tamb\u00e9m ser\u00e3o acompanhados pela categoria. A agenda de reuni\u00f5es para discuss\u00e3o do or\u00e7amento e direitos trabalhistas em 2016 ser\u00e1 arrancada do governo a partir da luta. O Movimento segue forte em defesa das Universidades Estaduais da Bahia e pela valoriza\u00e7\u00e3o do trabalho docente.<\/p>\n<p>Caso o acordo seja assinado na quinta-feira (6), os professores se apresentar\u00e3o aos departamentos para o desenvolvimento de suas atividades. Informa\u00e7\u00f5es sobre o calend\u00e1rio acad\u00eamico e o retorno \u00e0s aulas ser\u00e3o prestadas pela administra\u00e7\u00e3o da UESB.<\/p>\n<p>As informa\u00e7\u00f5es sobre a assinatura do acordo ser\u00e3o divulgadas pela Adusb assim que a reuni\u00e3o com o governo for encerrada, na quinta-feira.<\/p>\n","protected":false},"excerpt":{"rendered":"<p>Reunidos em assembleia, nessa ter\u00e7a-feira (4), os professores da UESB decidiram aceitar a proposta do governo, mas v\u00e3o manter a greve at\u00e9 que o acordo seja assinado. A proposta aceita pela categoria garante o respeito aos direitos trabalhistas, assegura a autonomia universit\u00e1ria e o repasse integral do or\u00e7amento 2015 das Universidades. Os docentes avaliaram a [&hellip;]<\/p>\n","protected":false},"author":2,"featured_media":0,"comment_status":"open","ping_status":"open","sticky":false,"template":"","format":"standard","meta":{"footnotes":"","_links_to":"","_links_to_target":""},"categories":[1],"tags":[],"class_list":["post-51065","post","type-post","status-publish","format-standard","hentry","category-geral"],"views":1312,"_links":{"self":[{"href":"https:\/\/www.sudoestehoje.com.br\/novoportal\/wp-json\/wp\/v2\/posts\/51065","targetHints":{"allow":["GET"]}}],"collection":[{"href":"https:\/\/www.sudoestehoje.com.br\/novoportal\/wp-json\/wp\/v2\/posts"}],"about":[{"href":"https:\/\/www.sudoestehoje.com.br\/novoportal\/wp-json\/wp\/v2\/types\/post"}],"author":[{"embeddable":true,"href":"https:\/\/www.sudoestehoje.com.br\/novoportal\/wp-json\/wp\/v2\/users\/2"}],"replies":[{"embeddable":true,"href":"https:\/\/www.sudoestehoje.com.br\/novoportal\/wp-json\/wp\/v2\/comments?post=51065"}],"version-history":[{"count":4,"href":"https:\/\/www.sudoestehoje.com.br\/novoportal\/wp-json\/wp\/v2\/posts\/51065\/revisions"}],"predecessor-version":[{"id":51070,"href":"https:\/\/www.sudoestehoje.com.br\/novoportal\/wp-json\/wp\/v2\/posts\/51065\/revisions\/51070"}],"wp:attachment":[{"href":"https:\/\/www.sudoestehoje.com.br\/novoportal\/wp-json\/wp\/v2\/media?parent=51065"}],"wp:term":[{"taxonomy":"category","embeddable":true,"href":"https:\/\/www.sudoestehoje.com.br\/novoportal\/wp-json\/wp\/v2\/categories?post=51065"},{"taxonomy":"post_tag","embeddable":true,"href":"https:\/\/www.sudoestehoje.com.br\/novoportal\/wp-json\/wp\/v2\/tags?post=51065"}],"curies":[{"name":"wp","href":"https:\/\/api.w.org\/{rel}","templated":true}]}}