
{"id":51053,"date":"2015-08-04T18:15:52","date_gmt":"2015-08-04T21:15:52","guid":{"rendered":"http:\/\/www.sudoestehoje.com.br\/novoportal\/?p=51053"},"modified":"2015-08-04T18:18:26","modified_gmt":"2015-08-04T21:18:26","slug":"em-greve-servidores-do-judiciario-fazem-manifestacao-em-itapetinga","status":"publish","type":"post","link":"https:\/\/www.sudoestehoje.com.br\/novoportal\/2015\/08\/04\/em-greve-servidores-do-judiciario-fazem-manifestacao-em-itapetinga\/","title":{"rendered":"EM GREVE, SERVIDORES DO JUDICI\u00c1RIO FAZEM MANIFESTA\u00c7\u00c3O EM ITAPETINGA"},"content":{"rendered":"<p><a href=\"http:\/\/www.sudoestehoje.com.br\/novoportal\/wp-content\/uploads\/2015\/08\/jud-1.jpg\"><img loading=\"lazy\" decoding=\"async\" class=\"aligncenter size-medium wp-image-51054\" src=\"http:\/\/www.sudoestehoje.com.br\/novoportal\/wp-content\/uploads\/2015\/08\/jud-1-500x300.jpg\" alt=\"jud 1\" width=\"500\" height=\"300\" srcset=\"https:\/\/www.sudoestehoje.com.br\/novoportal\/wp-content\/uploads\/2015\/08\/jud-1-500x300.jpg 500w, https:\/\/www.sudoestehoje.com.br\/novoportal\/wp-content\/uploads\/2015\/08\/jud-1-700x420.jpg 700w, https:\/\/www.sudoestehoje.com.br\/novoportal\/wp-content\/uploads\/2015\/08\/jud-1-150x90.jpg 150w, https:\/\/www.sudoestehoje.com.br\/novoportal\/wp-content\/uploads\/2015\/08\/jud-1.jpg 960w\" sizes=\"auto, (max-width: 500px) 100vw, 500px\" \/><\/a><\/p>\n<p>Portando faixas e cartazes, servidores do judici\u00e1rio da comarca de Itapetinga realizaram uma manifesta\u00e7\u00e3o no centro da cidade, na manh\u00e3 desta ter\u00e7a-feira.<\/p>\n<p><a href=\"http:\/\/www.sudoestehoje.com.br\/novoportal\/wp-content\/uploads\/2015\/08\/jud-2.jpg\"><img loading=\"lazy\" decoding=\"async\" class=\"aligncenter size-medium wp-image-51055\" src=\"http:\/\/www.sudoestehoje.com.br\/novoportal\/wp-content\/uploads\/2015\/08\/jud-2-500x300.jpg\" alt=\"jud 2\" width=\"500\" height=\"300\" srcset=\"https:\/\/www.sudoestehoje.com.br\/novoportal\/wp-content\/uploads\/2015\/08\/jud-2-500x300.jpg 500w, https:\/\/www.sudoestehoje.com.br\/novoportal\/wp-content\/uploads\/2015\/08\/jud-2-700x420.jpg 700w, https:\/\/www.sudoestehoje.com.br\/novoportal\/wp-content\/uploads\/2015\/08\/jud-2-150x90.jpg 150w, https:\/\/www.sudoestehoje.com.br\/novoportal\/wp-content\/uploads\/2015\/08\/jud-2.jpg 960w\" sizes=\"auto, (max-width: 500px) 100vw, 500px\" \/><\/a><\/p>\n<p>Os servidores do Tribunal de Justi\u00e7a da Bahia (TJ-BA) pararam as atividades desde o dia 30 do m\u00eas passado, por tempo indeterminado, e aguardam uma resposta do governo, sobre a pauta de reivindica\u00e7\u00f5es apresentada.<\/p>\n<p><a href=\"http:\/\/www.sudoestehoje.com.br\/novoportal\/wp-content\/uploads\/2015\/08\/jud-3.jpg\"><img loading=\"lazy\" decoding=\"async\" class=\"aligncenter size-medium wp-image-51056\" src=\"http:\/\/www.sudoestehoje.com.br\/novoportal\/wp-content\/uploads\/2015\/08\/jud-3-500x300.jpg\" alt=\"jud 3\" width=\"500\" height=\"300\" srcset=\"https:\/\/www.sudoestehoje.com.br\/novoportal\/wp-content\/uploads\/2015\/08\/jud-3-500x300.jpg 500w, https:\/\/www.sudoestehoje.com.br\/novoportal\/wp-content\/uploads\/2015\/08\/jud-3-700x420.jpg 700w, https:\/\/www.sudoestehoje.com.br\/novoportal\/wp-content\/uploads\/2015\/08\/jud-3-150x90.jpg 150w, https:\/\/www.sudoestehoje.com.br\/novoportal\/wp-content\/uploads\/2015\/08\/jud-3.jpg 960w\" sizes=\"auto, (max-width: 500px) 100vw, 500px\" \/><\/a><\/p>\n<p>Entre as solicita\u00e7\u00f5es da categoria, est\u00e3o pagamento do percentual de 5% referente a \u00faltima parcela do Plano de Cargos e Sal\u00e1rios da Categoria e pagamento da gratifica\u00e7\u00e3o de atividade externa dos oficiais de Justi\u00e7a.<\/p>\n<p><strong><em>Por Davi Ferraz<\/em><\/strong><\/p>\n<p><img decoding=\"async\" class=\"aligncenter\" src=\"http:\/\/www.sudoestehoje.com.br\/novoportal\/wp-content\/uploads\/2015\/05\/rezende-500x163-500x163.jpg\" alt=\"rezende-500x163\" \/><\/p>\n","protected":false},"excerpt":{"rendered":"<p>Portando faixas e cartazes, servidores do judici\u00e1rio da comarca de Itapetinga realizaram uma manifesta\u00e7\u00e3o no centro da cidade, na manh\u00e3 desta ter\u00e7a-feira. Os servidores do Tribunal de Justi\u00e7a da Bahia (TJ-BA) pararam as atividades desde o dia 30 do m\u00eas passado, por tempo indeterminado, e aguardam uma resposta do governo, sobre a pauta de reivindica\u00e7\u00f5es [&hellip;]<\/p>\n","protected":false},"author":2,"featured_media":0,"comment_status":"open","ping_status":"open","sticky":false,"template":"","format":"standard","meta":{"footnotes":"","_links_to":"","_links_to_target":""},"categories":[1],"tags":[],"class_list":["post-51053","post","type-post","status-publish","format-standard","hentry","category-geral"],"views":1372,"_links":{"self":[{"href":"https:\/\/www.sudoestehoje.com.br\/novoportal\/wp-json\/wp\/v2\/posts\/51053","targetHints":{"allow":["GET"]}}],"collection":[{"href":"https:\/\/www.sudoestehoje.com.br\/novoportal\/wp-json\/wp\/v2\/posts"}],"about":[{"href":"https:\/\/www.sudoestehoje.com.br\/novoportal\/wp-json\/wp\/v2\/types\/post"}],"author":[{"embeddable":true,"href":"https:\/\/www.sudoestehoje.com.br\/novoportal\/wp-json\/wp\/v2\/users\/2"}],"replies":[{"embeddable":true,"href":"https:\/\/www.sudoestehoje.com.br\/novoportal\/wp-json\/wp\/v2\/comments?post=51053"}],"version-history":[{"count":4,"href":"https:\/\/www.sudoestehoje.com.br\/novoportal\/wp-json\/wp\/v2\/posts\/51053\/revisions"}],"predecessor-version":[{"id":51060,"href":"https:\/\/www.sudoestehoje.com.br\/novoportal\/wp-json\/wp\/v2\/posts\/51053\/revisions\/51060"}],"wp:attachment":[{"href":"https:\/\/www.sudoestehoje.com.br\/novoportal\/wp-json\/wp\/v2\/media?parent=51053"}],"wp:term":[{"taxonomy":"category","embeddable":true,"href":"https:\/\/www.sudoestehoje.com.br\/novoportal\/wp-json\/wp\/v2\/categories?post=51053"},{"taxonomy":"post_tag","embeddable":true,"href":"https:\/\/www.sudoestehoje.com.br\/novoportal\/wp-json\/wp\/v2\/tags?post=51053"}],"curies":[{"name":"wp","href":"https:\/\/api.w.org\/{rel}","templated":true}]}}