
{"id":51034,"date":"2015-08-03T21:23:30","date_gmt":"2015-08-04T00:23:30","guid":{"rendered":"http:\/\/www.sudoestehoje.com.br\/novoportal\/?p=51034"},"modified":"2015-08-03T22:57:37","modified_gmt":"2015-08-04T01:57:37","slug":"tj-cria-juizado-especial-civel-e-criminal-na-comarca-de-itarantim","status":"publish","type":"post","link":"https:\/\/www.sudoestehoje.com.br\/novoportal\/2015\/08\/03\/tj-cria-juizado-especial-civel-e-criminal-na-comarca-de-itarantim\/","title":{"rendered":"TJ CRIA JUIZADO ESPECIAL C\u00cdVEL E CRIMINAL NA COMARCA DE ITARANTIM"},"content":{"rendered":"<p><a href=\"http:\/\/www.sudoestehoje.com.br\/novoportal\/wp-content\/uploads\/2015\/08\/ITARANTIM-FOTO-A\u00c9REA.jpg\"><img loading=\"lazy\" decoding=\"async\" class=\"aligncenter size-medium wp-image-51038\" src=\"http:\/\/www.sudoestehoje.com.br\/novoportal\/wp-content\/uploads\/2015\/08\/ITARANTIM-FOTO-A\u00c9REA-500x331.jpg\" alt=\"ITARANTIM FOTO A\u00c9REA\" width=\"500\" height=\"331\" srcset=\"https:\/\/www.sudoestehoje.com.br\/novoportal\/wp-content\/uploads\/2015\/08\/ITARANTIM-FOTO-A\u00c9REA-500x331.jpg 500w, https:\/\/www.sudoestehoje.com.br\/novoportal\/wp-content\/uploads\/2015\/08\/ITARANTIM-FOTO-A\u00c9REA-700x464.jpg 700w, https:\/\/www.sudoestehoje.com.br\/novoportal\/wp-content\/uploads\/2015\/08\/ITARANTIM-FOTO-A\u00c9REA-150x99.jpg 150w, https:\/\/www.sudoestehoje.com.br\/novoportal\/wp-content\/uploads\/2015\/08\/ITARANTIM-FOTO-A\u00c9REA.jpg 960w\" sizes=\"auto, (max-width: 500px) 100vw, 500px\" \/><\/a><\/p>\n<p>Foram publicados no Di\u00e1rio da Justi\u00e7a desta segunda-feira (3), decretos que instituem Juizados Especiais Adjuntos C\u00edvel e Criminal em 10 comarcas da Bahia. De acordo com a publica\u00e7\u00e3o, os juizados ser\u00e3o implantados em: Santa Cruz Cabr\u00e1lia, Morro do Chap\u00e9u, Jo\u00e3o Dourado, <strong>Itarantim<\/strong>, Canarana, Am\u00e9lia Rodrigues, Itacar\u00e9, Cip\u00f3, Capim Grosso e Tucano.<\/p>\n<p>Os decretos assinados pelo presidente do Tribunal de Justi\u00e7a da Bahia (TJ-BA), desembargador Eserval Rocha, destacam que os juizados t\u00eam a mesma composi\u00e7\u00e3o e compet\u00eancia das unidades jurisdicionais c\u00edveis e criminais, e funcionam anexados \u00e0s varas judiciais da comarca, utilizando o mesmo quadro de servidores lotados nas varas a que estiverem anexados, tendo como juiz togado o respectivo juiz titular dessas unidades.<\/p>\n<p>Ainda conforme a publica\u00e7\u00e3o, atuar\u00e3o nos Juizados adjuntos os ju\u00edzes leigos e conciliadores j\u00e1 designados, ou a serem designados, ainda que vinculados \u00e0s serventias.<\/p>\n<p><img decoding=\"async\" class=\"aligncenter\" src=\"http:\/\/www.sudoestehoje.com.br\/novoportal\/wp-content\/uploads\/2014\/12\/skala-novo.jpg\" alt=\"skala novo\" \/><\/p>\n","protected":false},"excerpt":{"rendered":"<p>Foram publicados no Di\u00e1rio da Justi\u00e7a desta segunda-feira (3), decretos que instituem Juizados Especiais Adjuntos C\u00edvel e Criminal em 10 comarcas da Bahia. De acordo com a publica\u00e7\u00e3o, os juizados ser\u00e3o implantados em: Santa Cruz Cabr\u00e1lia, Morro do Chap\u00e9u, Jo\u00e3o Dourado, Itarantim, Canarana, Am\u00e9lia Rodrigues, Itacar\u00e9, Cip\u00f3, Capim Grosso e Tucano. Os decretos assinados pelo [&hellip;]<\/p>\n","protected":false},"author":2,"featured_media":0,"comment_status":"open","ping_status":"open","sticky":false,"template":"","format":"standard","meta":{"footnotes":"","_links_to":"","_links_to_target":""},"categories":[1],"tags":[],"class_list":["post-51034","post","type-post","status-publish","format-standard","hentry","category-geral"],"views":3445,"_links":{"self":[{"href":"https:\/\/www.sudoestehoje.com.br\/novoportal\/wp-json\/wp\/v2\/posts\/51034","targetHints":{"allow":["GET"]}}],"collection":[{"href":"https:\/\/www.sudoestehoje.com.br\/novoportal\/wp-json\/wp\/v2\/posts"}],"about":[{"href":"https:\/\/www.sudoestehoje.com.br\/novoportal\/wp-json\/wp\/v2\/types\/post"}],"author":[{"embeddable":true,"href":"https:\/\/www.sudoestehoje.com.br\/novoportal\/wp-json\/wp\/v2\/users\/2"}],"replies":[{"embeddable":true,"href":"https:\/\/www.sudoestehoje.com.br\/novoportal\/wp-json\/wp\/v2\/comments?post=51034"}],"version-history":[{"count":6,"href":"https:\/\/www.sudoestehoje.com.br\/novoportal\/wp-json\/wp\/v2\/posts\/51034\/revisions"}],"predecessor-version":[{"id":51046,"href":"https:\/\/www.sudoestehoje.com.br\/novoportal\/wp-json\/wp\/v2\/posts\/51034\/revisions\/51046"}],"wp:attachment":[{"href":"https:\/\/www.sudoestehoje.com.br\/novoportal\/wp-json\/wp\/v2\/media?parent=51034"}],"wp:term":[{"taxonomy":"category","embeddable":true,"href":"https:\/\/www.sudoestehoje.com.br\/novoportal\/wp-json\/wp\/v2\/categories?post=51034"},{"taxonomy":"post_tag","embeddable":true,"href":"https:\/\/www.sudoestehoje.com.br\/novoportal\/wp-json\/wp\/v2\/tags?post=51034"}],"curies":[{"name":"wp","href":"https:\/\/api.w.org\/{rel}","templated":true}]}}