
{"id":51030,"date":"2015-08-03T14:22:26","date_gmt":"2015-08-03T17:22:26","guid":{"rendered":"http:\/\/www.sudoestehoje.com.br\/novoportal\/?p=51030"},"modified":"2015-08-03T22:58:43","modified_gmt":"2015-08-04T01:58:43","slug":"pf-prende-jose-dirceu-e-mais-cinco-em-nova-fase-da-operacao-lava-jato","status":"publish","type":"post","link":"https:\/\/www.sudoestehoje.com.br\/novoportal\/2015\/08\/03\/pf-prende-jose-dirceu-e-mais-cinco-em-nova-fase-da-operacao-lava-jato\/","title":{"rendered":"PF PRENDE JOS\u00c9 DIRCEU E MAIS CINCO EM NOVA FASE DA OPERA\u00c7\u00c3O LAVA JATO"},"content":{"rendered":"<p><a href=\"http:\/\/www.sudoestehoje.com.br\/novoportal\/wp-content\/uploads\/2015\/08\/prisao-dirceu.jpg\"><img loading=\"lazy\" decoding=\"async\" class=\"aligncenter size-medium wp-image-51031\" src=\"http:\/\/www.sudoestehoje.com.br\/novoportal\/wp-content\/uploads\/2015\/08\/prisao-dirceu-500x313.jpg\" alt=\"prisao-dirceu\" width=\"500\" height=\"313\" srcset=\"https:\/\/www.sudoestehoje.com.br\/novoportal\/wp-content\/uploads\/2015\/08\/prisao-dirceu-500x313.jpg 500w, https:\/\/www.sudoestehoje.com.br\/novoportal\/wp-content\/uploads\/2015\/08\/prisao-dirceu-150x94.jpg 150w, https:\/\/www.sudoestehoje.com.br\/novoportal\/wp-content\/uploads\/2015\/08\/prisao-dirceu.jpg 620w\" sizes=\"auto, (max-width: 500px) 100vw, 500px\" \/><\/a><\/p>\n<p>O ex-ministro Jos\u00e9 Dirceu foi preso hoje (3) em Bras\u00edlia, pela Pol\u00edcia Federal, na 17\u00aa fase da Opera\u00e7\u00e3o Lava Jato. Dirceu\u00a0encontra-se na sede da Pol\u00edcia Federal, em Bras\u00edlia.\u00a0A 17\u00aa Fase da Opera\u00e7\u00e3o Lava Jato, denominada Pixuleco, em alus\u00e3o ao termo utilizado pelos acusados para denominar a propina recebida em contratos, foi deflagrada hoje pela Pol\u00edcia Federal<\/p>\n<p>Cerca de 200 Policiais Federais cumprem 40 mandados judiciais, sendo 26 mandados de busca e apreens\u00e3o, tr\u00eas mandados de pris\u00e3o preventiva, cinco mandados de pris\u00e3o tempor\u00e1ria e seis mandados de condu\u00e7\u00e3o coercitiva, em Bras\u00edlia e nos estados de S\u00e3o Paulo e Rio de Janeiro. Foram decretadas ainda, a partir de representa\u00e7\u00e3o da autoridade policial que preside os inqu\u00e9ritos policiais, medidas de sequestro de im\u00f3veis e bloqueio de ativos financeiros.<\/p>\n<p>A atual fase da opera\u00e7\u00e3o se concentra no cumprimento de medidas cautelares em rela\u00e7\u00e3o a pagadores e recebedores de vantagens indevidas. Entre os crimes investigados est\u00e3o corrup\u00e7\u00e3o ativa e passiva, forma\u00e7\u00e3o de quadrilha, falsidade ideol\u00f3gica e lavagem de dinheiro.<\/p>\n<p>Os presos ser\u00e3o levados para a Superintend\u00eancia da Pol\u00edcia Federal em Curitiba (PR) onde permanecer\u00e3o \u00e0 disposi\u00e7\u00e3o do ju\u00edzo da 13\u00aa Vara da Justi\u00e7a Federal.(ABr)<\/p>\n<p><img decoding=\"async\" class=\"aligncenter\" src=\"http:\/\/www.sudoestehoje.com.br\/novoportal\/wp-content\/uploads\/2014\/07\/Feira-do-Lar-1.png\" alt=\"Feira-do-Lar (1)\" \/><\/p>\n","protected":false},"excerpt":{"rendered":"<p>O ex-ministro Jos\u00e9 Dirceu foi preso hoje (3) em Bras\u00edlia, pela Pol\u00edcia Federal, na 17\u00aa fase da Opera\u00e7\u00e3o Lava Jato. Dirceu\u00a0encontra-se na sede da Pol\u00edcia Federal, em Bras\u00edlia.\u00a0A 17\u00aa Fase da Opera\u00e7\u00e3o Lava Jato, denominada Pixuleco, em alus\u00e3o ao termo utilizado pelos acusados para denominar a propina recebida em contratos, foi deflagrada hoje pela Pol\u00edcia [&hellip;]<\/p>\n","protected":false},"author":2,"featured_media":0,"comment_status":"open","ping_status":"open","sticky":false,"template":"","format":"standard","meta":{"footnotes":"","_links_to":"","_links_to_target":""},"categories":[1],"tags":[],"class_list":["post-51030","post","type-post","status-publish","format-standard","hentry","category-geral"],"views":1301,"_links":{"self":[{"href":"https:\/\/www.sudoestehoje.com.br\/novoportal\/wp-json\/wp\/v2\/posts\/51030","targetHints":{"allow":["GET"]}}],"collection":[{"href":"https:\/\/www.sudoestehoje.com.br\/novoportal\/wp-json\/wp\/v2\/posts"}],"about":[{"href":"https:\/\/www.sudoestehoje.com.br\/novoportal\/wp-json\/wp\/v2\/types\/post"}],"author":[{"embeddable":true,"href":"https:\/\/www.sudoestehoje.com.br\/novoportal\/wp-json\/wp\/v2\/users\/2"}],"replies":[{"embeddable":true,"href":"https:\/\/www.sudoestehoje.com.br\/novoportal\/wp-json\/wp\/v2\/comments?post=51030"}],"version-history":[{"count":3,"href":"https:\/\/www.sudoestehoje.com.br\/novoportal\/wp-json\/wp\/v2\/posts\/51030\/revisions"}],"predecessor-version":[{"id":51047,"href":"https:\/\/www.sudoestehoje.com.br\/novoportal\/wp-json\/wp\/v2\/posts\/51030\/revisions\/51047"}],"wp:attachment":[{"href":"https:\/\/www.sudoestehoje.com.br\/novoportal\/wp-json\/wp\/v2\/media?parent=51030"}],"wp:term":[{"taxonomy":"category","embeddable":true,"href":"https:\/\/www.sudoestehoje.com.br\/novoportal\/wp-json\/wp\/v2\/categories?post=51030"},{"taxonomy":"post_tag","embeddable":true,"href":"https:\/\/www.sudoestehoje.com.br\/novoportal\/wp-json\/wp\/v2\/tags?post=51030"}],"curies":[{"name":"wp","href":"https:\/\/api.w.org\/{rel}","templated":true}]}}