
{"id":51020,"date":"2015-08-02T14:06:32","date_gmt":"2015-08-02T17:06:32","guid":{"rendered":"http:\/\/www.sudoestehoje.com.br\/novoportal\/?p=51020"},"modified":"2015-08-03T22:59:40","modified_gmt":"2015-08-04T01:59:40","slug":"moradores-de-bandeira-estao-proibidos-de-morrer-aos-sabados-e-domingos","status":"publish","type":"post","link":"https:\/\/www.sudoestehoje.com.br\/novoportal\/2015\/08\/02\/moradores-de-bandeira-estao-proibidos-de-morrer-aos-sabados-e-domingos\/","title":{"rendered":"MORADORES DE BANDEIRA EST\u00c3O PROIBIDOS DE MORRER AOS S\u00c1BADOS E DOMINGOS"},"content":{"rendered":"<div id=\"attachment_51024\" style=\"width: 511px\" class=\"wp-caption aligncenter\"><a href=\"http:\/\/www.sudoestehoje.com.br\/novoportal\/wp-content\/uploads\/2015\/08\/cemiterio-bandeira.jpg\"><img loading=\"lazy\" decoding=\"async\" aria-describedby=\"caption-attachment-51024\" class=\" wp-image-51024\" src=\"http:\/\/www.sudoestehoje.com.br\/novoportal\/wp-content\/uploads\/2015\/08\/cemiterio-bandeira.jpg\" alt=\"O cemit\u00e9rio de Bandeira do Col\u00f4nia foi reinaugurado em 2012, pelo prefeito de Itapetinga, mas esqueceram de colocar coveiro nos finais de semana. Quem morre aos s\u00e1bados e domingos tem quer ser enterrado em Itoror\u00f3.\" width=\"501\" height=\"255\" srcset=\"https:\/\/www.sudoestehoje.com.br\/novoportal\/wp-content\/uploads\/2015\/08\/cemiterio-bandeira.jpg 385w, https:\/\/www.sudoestehoje.com.br\/novoportal\/wp-content\/uploads\/2015\/08\/cemiterio-bandeira-150x76.jpg 150w\" sizes=\"auto, (max-width: 501px) 100vw, 501px\" \/><\/a><p id=\"caption-attachment-51024\" class=\"wp-caption-text\">O cemit\u00e9rio de Bandeira do Col\u00f4nia foi reinaugurado em 2012, pelo prefeito de Itapetinga, mas esqueceram de colocar coveiro nos finais de semana. Quem morre aos s\u00e1bados e domingos tem quer ser enterrado em Itoror\u00f3.<\/p><\/div>\n<p>Ao defender com veem\u00eancia a constru\u00e7\u00e3o do DPT\/IML em Itapetinga, o prefeito Z\u00e9 Carlos sempre fez quest\u00e3o de ressaltar que o fazia em<em> &#8220;respeito aos mortos e seus familiares&#8221;<\/em>. Ao contr\u00e1rio do que sempre afirmou, esse &#8220;respeito&#8221; n\u00e3o inclui o distrito de Bandeira do Col\u00f4nia, onde os coveiros s\u00f3 trabalham de segunda a sexta, o que impossibilita os sepultamentos aos s\u00e1bados e domingos. Quem morrer nos finais de semana, tem quer ser enterrado em Itoror\u00f3, ou embalsamar, at\u00e9 o volta do coveiro, na segunda-feira. Confira a den\u00fancia do leitor:<\/p>\n<p><em>&#8220;Davi, no \u00faltimo s\u00e1bado 01, aqui em Bandeira do Col\u00f4nia aconteceu um ato inusitado, ou podemos afirma que foi uma falta de respeito, coveiros do distrito se recusaram a cavar uma cova, pois segundo eles s\u00f3 trabalham de segunda a sexta. A \u00fanica forma que a fam\u00edlia encontrou foi enterrar no munic\u00edpio vizinho em Itoror\u00f3, porque os coveiros de l\u00e1 trabalham todos os dias. Isso deixou claro para os morados de Bandeira que s\u00f3 pode morrer de segunda a sexta, se morrer no s\u00e1bado ou domingo fica sem enterrar. \u00c9 uma falta de vergonha, muita ousadia que o administrador d\u00e1 a essas pessoa&#8221;.<\/em><\/p>\n<p>S\u00f3 falta o prefeito baixar o decreto proibindo os moradores de Bandeira do Col\u00f4nia de morrerem durante o &#8216;descanso eterno&#8217; dos coveiros&#8230;<\/p>\n<p><strong><em>Por Davi Ferraz\u00a0<\/em><\/strong><\/p>\n<p><img decoding=\"async\" class=\"aligncenter\" src=\"http:\/\/www.sudoestehoje.com.br\/novoportal\/wp-content\/uploads\/2015\/07\/%C3%93TICA-ITAPUAN-BANNER1-500x179.jpg\" alt=\"\u00d3TICA-ITAPUAN-BANNER1\" \/><\/p>\n","protected":false},"excerpt":{"rendered":"<p>Ao defender com veem\u00eancia a constru\u00e7\u00e3o do DPT\/IML em Itapetinga, o prefeito Z\u00e9 Carlos sempre fez quest\u00e3o de ressaltar que o fazia em &#8220;respeito aos mortos e seus familiares&#8221;. Ao contr\u00e1rio do que sempre afirmou, esse &#8220;respeito&#8221; n\u00e3o inclui o distrito de Bandeira do Col\u00f4nia, onde os coveiros s\u00f3 trabalham de segunda a sexta, o [&hellip;]<\/p>\n","protected":false},"author":2,"featured_media":0,"comment_status":"open","ping_status":"open","sticky":false,"template":"","format":"standard","meta":{"footnotes":"","_links_to":"","_links_to_target":""},"categories":[1],"tags":[],"class_list":["post-51020","post","type-post","status-publish","format-standard","hentry","category-geral"],"views":1567,"_links":{"self":[{"href":"https:\/\/www.sudoestehoje.com.br\/novoportal\/wp-json\/wp\/v2\/posts\/51020","targetHints":{"allow":["GET"]}}],"collection":[{"href":"https:\/\/www.sudoestehoje.com.br\/novoportal\/wp-json\/wp\/v2\/posts"}],"about":[{"href":"https:\/\/www.sudoestehoje.com.br\/novoportal\/wp-json\/wp\/v2\/types\/post"}],"author":[{"embeddable":true,"href":"https:\/\/www.sudoestehoje.com.br\/novoportal\/wp-json\/wp\/v2\/users\/2"}],"replies":[{"embeddable":true,"href":"https:\/\/www.sudoestehoje.com.br\/novoportal\/wp-json\/wp\/v2\/comments?post=51020"}],"version-history":[{"count":8,"href":"https:\/\/www.sudoestehoje.com.br\/novoportal\/wp-json\/wp\/v2\/posts\/51020\/revisions"}],"predecessor-version":[{"id":51048,"href":"https:\/\/www.sudoestehoje.com.br\/novoportal\/wp-json\/wp\/v2\/posts\/51020\/revisions\/51048"}],"wp:attachment":[{"href":"https:\/\/www.sudoestehoje.com.br\/novoportal\/wp-json\/wp\/v2\/media?parent=51020"}],"wp:term":[{"taxonomy":"category","embeddable":true,"href":"https:\/\/www.sudoestehoje.com.br\/novoportal\/wp-json\/wp\/v2\/categories?post=51020"},{"taxonomy":"post_tag","embeddable":true,"href":"https:\/\/www.sudoestehoje.com.br\/novoportal\/wp-json\/wp\/v2\/tags?post=51020"}],"curies":[{"name":"wp","href":"https:\/\/api.w.org\/{rel}","templated":true}]}}