
{"id":51012,"date":"2015-08-01T13:55:13","date_gmt":"2015-08-01T16:55:13","guid":{"rendered":"http:\/\/www.sudoestehoje.com.br\/novoportal\/?p=51012"},"modified":"2015-08-03T23:00:37","modified_gmt":"2015-08-04T02:00:37","slug":"itapetinga-de-luto-pela-morte-da-medica-dra-syrbene-gomes","status":"publish","type":"post","link":"https:\/\/www.sudoestehoje.com.br\/novoportal\/2015\/08\/01\/itapetinga-de-luto-pela-morte-da-medica-dra-syrbene-gomes\/","title":{"rendered":"ITAPETINGA DE LUTO PELA MORTE DA M\u00c9DICA DRA. SYRBENE GOMES"},"content":{"rendered":"<p><a href=\"http:\/\/www.sudoestehoje.com.br\/novoportal\/wp-content\/uploads\/2015\/08\/Dra.-Syrbene-Gomes.jpg\"><img loading=\"lazy\" decoding=\"async\" class=\"aligncenter  wp-image-51013\" src=\"http:\/\/www.sudoestehoje.com.br\/novoportal\/wp-content\/uploads\/2015\/08\/Dra.-Syrbene-Gomes-429x700.jpg\" alt=\"Dra.-Syrbene-Gomes\" width=\"400\" height=\"653\" srcset=\"https:\/\/www.sudoestehoje.com.br\/novoportal\/wp-content\/uploads\/2015\/08\/Dra.-Syrbene-Gomes-429x700.jpg 429w, https:\/\/www.sudoestehoje.com.br\/novoportal\/wp-content\/uploads\/2015\/08\/Dra.-Syrbene-Gomes-92x150.jpg 92w, https:\/\/www.sudoestehoje.com.br\/novoportal\/wp-content\/uploads\/2015\/08\/Dra.-Syrbene-Gomes.jpg 538w\" sizes=\"auto, (max-width: 400px) 100vw, 400px\" \/><\/a><\/p>\n<p>Itapetinga amanheceu de\u00a0luto ap\u00f3s a confirma\u00e7\u00e3o da not\u00edcia da morte da m\u00e9dica genecologista e obstetra Dra. Syrbene Oliveira Gomes Silva, 40 anos, natural de Itapetinga, irm\u00e3 do delegado titular Dr. Roberto J\u00fanior.<\/p>\n<p>O corpo da m\u00e9dica foi encontrado no interior da propriedade da fam\u00edlia, na Fazenda Pau Sangue, meio rural de Maiquinique.\u00a0Ela saiu de casa desde \u00e0s 19:00h de ontem (sexta-feira, 31\/07\/15), para desespero da fam\u00edlia, sem dar not\u00edcia do seu paradeiro.<\/p>\n<p>Dr. Roberto J\u00fanior e servidores da 21\u00aa COORPIN realizaram v\u00e1rias incurs\u00f5es em busca de not\u00edcia, com intuito de encontr\u00e1-la com vida. <em>CONTINUE LENDO&#8230;<\/em><\/p>\n<p><img decoding=\"async\" class=\" aligncenter\" src=\"http:\/\/www.sudoestehoje.com.br\/novoportal\/wp-content\/uploads\/2014\/12\/Banner-Casabella-500x104.jpg\" alt=\"Banner Casabella\" \/><!--more--><\/p>\n<p>Passaram a noite toda em busca do seu paradeiro, mas s\u00eam \u00eaxito, at\u00e9 que \u00a0na madrugada deste s\u00e1bado, 01\/08\/15, surgiu a not\u00edcia de que o ve\u00edculo dela tinha sido encontrado no interior da Fazenda Pau Sangue, meio rural de Maiquinique, de propriedade da fam\u00edlia.<\/p>\n<p>Dr. Roberto Gomes, policiais civis,\u00a0o amigo e perito criminal Dr. Jos\u00e9 Carlos, se dirigiram \u00e0 referida fazenda onde encontraram o ve\u00edculo sem passageiro. Ao realizar uma varredura no interior da fazenda, o corpo de Dra. Syrbene Gomes foi encontrado num riacho, sem sinais vitais.<\/p>\n<p>A Pol\u00edcia trata o caso como suposto suic\u00eddio, por uso de medicamento, mas somente o Exame Cadav\u00e9rico vai determinar a causa morte. De acordo com informa\u00e7\u00f5es preliminares, a m\u00e9dica estava passando por problemas psicol\u00f3gicos.<\/p>\n<p>O corpo da m\u00e9dica foi removido para o Instituto M\u00e9dico Legal de Vit\u00f3ria da Conquista. Dr. Roberto J\u00fanior est\u00e1 acompanhando o corpo, ao tempo em que conta com os familiares e amigos para dar suporte aos seus pais Dr. Antonio Roberto (advogado) e a Sra. Sinery Gomes, que est\u00e3o em estado de consterna\u00e7\u00e3o, muito abalados com a not\u00edcia.<\/p>\n<p>Dra. Syrbene Gomes deixou \u00f3rf\u00e3os dois filhos, um de 18 (Jo\u00e3o Pedro) e o outro de 07 anos (Rafael Gomes). Era uma m\u00e3e dedicada, uma pessoa que gozava de boas amizades, uma profissional bem resolvida, struturada, dona de um sorriso irradiante, ningu\u00e9m imaginava que fosse acabar assim.<\/p>\n<p>O corpo da m\u00e9dica ser\u00e1 velado na Pax Perfei\u00e7\u00e3o pelas pr\u00f3ximas horas. O hor\u00e1rio do sepultamento ainda n\u00e3o foi definido pela fam\u00edlia.\u00a0<em>Itapetinga na Midia<\/em><\/p>\n","protected":false},"excerpt":{"rendered":"<p>Itapetinga amanheceu de\u00a0luto ap\u00f3s a confirma\u00e7\u00e3o da not\u00edcia da morte da m\u00e9dica genecologista e obstetra Dra. Syrbene Oliveira Gomes Silva, 40 anos, natural de Itapetinga, irm\u00e3 do delegado titular Dr. Roberto J\u00fanior. O corpo da m\u00e9dica foi encontrado no interior da propriedade da fam\u00edlia, na Fazenda Pau Sangue, meio rural de Maiquinique.\u00a0Ela saiu de casa [&hellip;]<\/p>\n","protected":false},"author":2,"featured_media":0,"comment_status":"open","ping_status":"open","sticky":false,"template":"","format":"standard","meta":{"footnotes":"","_links_to":"","_links_to_target":""},"categories":[1],"tags":[],"class_list":["post-51012","post","type-post","status-publish","format-standard","hentry","category-geral"],"views":4842,"_links":{"self":[{"href":"https:\/\/www.sudoestehoje.com.br\/novoportal\/wp-json\/wp\/v2\/posts\/51012","targetHints":{"allow":["GET"]}}],"collection":[{"href":"https:\/\/www.sudoestehoje.com.br\/novoportal\/wp-json\/wp\/v2\/posts"}],"about":[{"href":"https:\/\/www.sudoestehoje.com.br\/novoportal\/wp-json\/wp\/v2\/types\/post"}],"author":[{"embeddable":true,"href":"https:\/\/www.sudoestehoje.com.br\/novoportal\/wp-json\/wp\/v2\/users\/2"}],"replies":[{"embeddable":true,"href":"https:\/\/www.sudoestehoje.com.br\/novoportal\/wp-json\/wp\/v2\/comments?post=51012"}],"version-history":[{"count":7,"href":"https:\/\/www.sudoestehoje.com.br\/novoportal\/wp-json\/wp\/v2\/posts\/51012\/revisions"}],"predecessor-version":[{"id":51049,"href":"https:\/\/www.sudoestehoje.com.br\/novoportal\/wp-json\/wp\/v2\/posts\/51012\/revisions\/51049"}],"wp:attachment":[{"href":"https:\/\/www.sudoestehoje.com.br\/novoportal\/wp-json\/wp\/v2\/media?parent=51012"}],"wp:term":[{"taxonomy":"category","embeddable":true,"href":"https:\/\/www.sudoestehoje.com.br\/novoportal\/wp-json\/wp\/v2\/categories?post=51012"},{"taxonomy":"post_tag","embeddable":true,"href":"https:\/\/www.sudoestehoje.com.br\/novoportal\/wp-json\/wp\/v2\/tags?post=51012"}],"curies":[{"name":"wp","href":"https:\/\/api.w.org\/{rel}","templated":true}]}}