
{"id":50985,"date":"2015-07-31T11:08:45","date_gmt":"2015-07-31T14:08:45","guid":{"rendered":"http:\/\/www.sudoestehoje.com.br\/novoportal\/?p=50985"},"modified":"2015-07-31T18:57:13","modified_gmt":"2015-07-31T21:57:13","slug":"antonio-brito-unico-deputado-baiano-com-100-de-frequencia-na-camara","status":"publish","type":"post","link":"https:\/\/www.sudoestehoje.com.br\/novoportal\/2015\/07\/31\/antonio-brito-unico-deputado-baiano-com-100-de-frequencia-na-camara\/","title":{"rendered":"ANT\u00d4NIO BRITO \u00daNICO DEPUTADO BAIANO COM 100% DE FREQU\u00caNCIA NA C\u00c2MARA"},"content":{"rendered":"<div id=\"yui_3_16_0_1_1438350851515_2105\">\n<div id=\"yui_3_16_0_1_1438350851515_2104\" dir=\"ltr\">\n<div id=\"yui_3_16_0_1_1438350851515_2103\" class=\"yiv7513096972entry\">\n<p><a href=\"http:\/\/www.sudoestehoje.com.br\/novoportal\/wp-content\/uploads\/2015\/07\/antonio_brito03.jpg\"><img loading=\"lazy\" decoding=\"async\" class=\"  wp-image-50989 alignleft\" src=\"http:\/\/www.sudoestehoje.com.br\/novoportal\/wp-content\/uploads\/2015\/07\/antonio_brito03-500x536.jpg\" alt=\"antonio_brito03\" width=\"300\" height=\"322\" srcset=\"https:\/\/www.sudoestehoje.com.br\/novoportal\/wp-content\/uploads\/2015\/07\/antonio_brito03-500x536.jpg 500w, https:\/\/www.sudoestehoje.com.br\/novoportal\/wp-content\/uploads\/2015\/07\/antonio_brito03-700x751.jpg 700w, https:\/\/www.sudoestehoje.com.br\/novoportal\/wp-content\/uploads\/2015\/07\/antonio_brito03-140x150.jpg 140w, https:\/\/www.sudoestehoje.com.br\/novoportal\/wp-content\/uploads\/2015\/07\/antonio_brito03.jpg 1055w\" sizes=\"auto, (max-width: 300px) 100vw, 300px\" \/><\/a><\/p>\n<p>O deputado federal Ant\u00f4nio Britto (PTB), figura na rela\u00e7\u00e3o de frequ\u00eancia da bancada baiana na C\u00e2mara Federal com 100% de presen\u00e7a nas 67 sess\u00f5es realizadas no primeiro semestre da legislatura 2015\/2018, iniciada no m\u00eas de fevereiro deste ano.<\/p>\n<p>Sobre o tema o parlamentar petebista, comentou, \u201c\u00c9 minha obriga\u00e7\u00e3o estar presente e participar das discuss\u00f5es. Estou sempre \u00e0 disposi\u00e7\u00e3o e defendendo a bandeira da sa\u00fade. Atuo da forma que acredito ser pertinente\u201d, Gosto de estar presente. \u00c9 uma forma de valorizar as pessoas que confiaram em mim e me deram um mandato. N\u00e3o \u00e9 s\u00f3 estar l\u00e1 [na sess\u00e3o] \u00e9 tamb\u00e9m participar\u201d, argumentou em entrevista ao site Boc\u00e3o News.<\/p>\n<p>Dos 39 membros da bancada da Bahia, o deputado federal Cl\u00e1udio Cajado (DEM), \u00a0\u00e9 o mais faltoso \u00e0s sess\u00f5es da Casa, tendo comparecido a 43 das \u00a067 sess\u00f5es realizadas. Veja a lista completa.<\/p>\n<p><b>Veja a lista completa:<\/b><\/p>\n<table id=\"yui_3_16_0_1_1438350851515_2113\" border=\"0\" width=\"582\" cellspacing=\"0\" cellpadding=\"0\" align=\"center\">\n<colgroup>\n<col \/>\n<col \/>\n<col span=\"2\" \/><\/colgroup>\n<tbody id=\"yui_3_16_0_1_1438350851515_2112\">\n<tr>\n<td height=\"25\">CLAUDIO CAJADO<\/td>\n<td>67<\/td>\n<td>43<\/td>\n<td>64,20%<\/td>\n<\/tr>\n<tr>\n<td height=\"25\">S\u00c9RGIO BRITO<\/td>\n<td>67<\/td>\n<td>48<\/td>\n<td>71,60%<\/td>\n<\/tr>\n<tr>\n<td height=\"25\">JUTAHY JUNIOR<\/td>\n<td>67<\/td>\n<td>49<\/td>\n<td>73,60%<\/td>\n<\/tr>\n<tr>\n<td height=\"25\">JOS\u00c9 ROCHA<\/td>\n<td>67<\/td>\n<td>52<\/td>\n<td>77,60%<\/td>\n<\/tr>\n<tr>\n<td height=\"25\">ARTHUR OLIVEIRA MAIA<\/td>\n<td>67<\/td>\n<td>54<\/td>\n<td>80,60%<\/td>\n<\/tr>\n<tr>\n<td height=\"25\">LUCIO VIEIRA LIMA<\/td>\n<td>67<\/td>\n<td>54<\/td>\n<td>80,60%<\/td>\n<\/tr>\n<tr id=\"yui_3_16_0_1_1438350851515_2125\">\n<td height=\"25\">PAULO MAGALH\u00c3ES<\/td>\n<td>67<\/td>\n<td>54<\/td>\n<td id=\"yui_3_16_0_1_1438350851515_2124\">80,60%<\/td>\n<\/tr>\n<tr id=\"yui_3_16_0_1_1438350851515_2127\">\n<td height=\"25\">FERNANDO TORRES<\/td>\n<td>64<\/td>\n<td>52<\/td>\n<td id=\"yui_3_16_0_1_1438350851515_2126\">81,30%<\/td>\n<\/tr>\n<tr id=\"yui_3_16_0_1_1438350851515_2123\">\n<td height=\"25\">WALDENOR PEREIRA<\/td>\n<td>67<\/td>\n<td>56<\/td>\n<td id=\"yui_3_16_0_1_1438350851515_2122\">83,60%<\/td>\n<\/tr>\n<tr>\n<td height=\"25\">JOS\u00c9 CARLOS ARA\u00daJO<\/td>\n<td>67<\/td>\n<td>57<\/td>\n<td>85,10%<\/td>\n<\/tr>\n<tr>\n<td height=\"25\">BENITO GAMA<\/td>\n<td>67<\/td>\n<td>59<\/td>\n<td>88,10%<\/td>\n<\/tr>\n<tr id=\"yui_3_16_0_1_1438350851515_2121\">\n<td height=\"25\">DANIEL ALMEIDA<\/td>\n<td>67<\/td>\n<td>59<\/td>\n<td id=\"yui_3_16_0_1_1438350851515_2120\">88,10%<\/td>\n<\/tr>\n<tr>\n<td height=\"25\">ELMAR NASCIMENTO<\/td>\n<td>67<\/td>\n<td>59<\/td>\n<td>88,10%<\/td>\n<\/tr>\n<tr>\n<td height=\"25\">RONALDO CARLETTO<\/td>\n<td>67<\/td>\n<td>59<\/td>\n<td>88,10%<\/td>\n<\/tr>\n<tr>\n<td height=\"25\">BACELAR<\/td>\n<td>67<\/td>\n<td>60<\/td>\n<td>89,60%<\/td>\n<\/tr>\n<tr>\n<td height=\"25\">BEBETO<\/td>\n<td>67<\/td>\n<td>60<\/td>\n<td>89,60%<\/td>\n<\/tr>\n<tr id=\"yui_3_16_0_1_1438350851515_2111\">\n<td height=\"25\">JO\u00c3O CARLOS BACELAR<\/td>\n<td>67<\/td>\n<td>60<\/td>\n<td id=\"yui_3_16_0_1_1438350851515_2110\">89,60%<\/td>\n<\/tr>\n<tr>\n<td height=\"25\">M\u00c1RCIO MARINHO<\/td>\n<td>67<\/td>\n<td>60<\/td>\n<td>89,60%<\/td>\n<\/tr>\n<tr>\n<td height=\"25\">TIA ERON<\/td>\n<td>67<\/td>\n<td>60<\/td>\n<td>89,60%<\/td>\n<\/tr>\n<tr>\n<td height=\"25\">ALICE PORTUGAL<\/td>\n<td>67<\/td>\n<td>62<\/td>\n<td>92,50%<\/td>\n<\/tr>\n<tr>\n<td height=\"25\">IRM\u00c3O LAZARO<\/td>\n<td>67<\/td>\n<td>62<\/td>\n<td>92,50%<\/td>\n<\/tr>\n<tr>\n<td height=\"25\">M\u00c1RIO NEGROMONTE JR.<\/td>\n<td>67<\/td>\n<td>62<\/td>\n<td>92,50%<\/td>\n<\/tr>\n<tr>\n<td height=\"25\">ANTONIO IMBASSAHY<\/td>\n<td>67<\/td>\n<td>63<\/td>\n<td>94,00%<\/td>\n<\/tr>\n<tr>\n<td height=\"25\">ERIVELTON SANTANA<\/td>\n<td>67<\/td>\n<td>63<\/td>\n<td>94,00%<\/td>\n<\/tr>\n<tr>\n<td height=\"25\">F\u00c9LIX MENDON\u00c7A J\u00daNIOR<\/td>\n<td>67<\/td>\n<td>63<\/td>\n<td>94,00%<\/td>\n<\/tr>\n<tr>\n<td height=\"25\">JO\u00c3O GUALBERTO<\/td>\n<td>67<\/td>\n<td>63<\/td>\n<td>94,00%<\/td>\n<\/tr>\n<tr>\n<td height=\"25\">JOS\u00c9 NUNES<\/td>\n<td>67<\/td>\n<td>63<\/td>\n<td>94,00%<\/td>\n<\/tr>\n<tr>\n<td height=\"25\">ULDURICO JUNIOR<\/td>\n<td>67<\/td>\n<td>63<\/td>\n<td>94,00%<\/td>\n<\/tr>\n<tr>\n<td height=\"25\">PAULO AZI<\/td>\n<td>67<\/td>\n<td>64<\/td>\n<td>95,50%<\/td>\n<\/tr>\n<tr>\n<td height=\"25\">ROBERTO BRITTO<\/td>\n<td>67<\/td>\n<td>64<\/td>\n<td>95,50%<\/td>\n<\/tr>\n<tr id=\"yui_3_16_0_1_1438350851515_2154\">\n<td id=\"yui_3_16_0_1_1438350851515_2153\" height=\"25\">DAVIDSON MAGALH\u00c3ES<\/td>\n<td>67<\/td>\n<td>61<\/td>\n<td>96,80%<\/td>\n<\/tr>\n<tr id=\"yui_3_16_0_1_1438350851515_2119\">\n<td id=\"yui_3_16_0_1_1438350851515_2152\" height=\"25\">CAETANO<\/td>\n<td>67<\/td>\n<td>65<\/td>\n<td id=\"yui_3_16_0_1_1438350851515_2118\">97,00%<\/td>\n<\/tr>\n<tr id=\"yui_3_16_0_1_1438350851515_2117\">\n<td id=\"yui_3_16_0_1_1438350851515_2151\" height=\"25\">JORGE SOLLA<\/td>\n<td>67<\/td>\n<td>65<\/td>\n<td id=\"yui_3_16_0_1_1438350851515_2116\">97,00%<\/td>\n<\/tr>\n<tr id=\"yui_3_16_0_1_1438350851515_2150\">\n<td id=\"yui_3_16_0_1_1438350851515_2149\" height=\"25\">AFONSO FLORENCE<\/td>\n<td>67<\/td>\n<td>66<\/td>\n<td>98,50%<\/td>\n<\/tr>\n<tr id=\"yui_3_16_0_1_1438350851515_2148\">\n<td id=\"yui_3_16_0_1_1438350851515_2147\" height=\"25\">CAC\u00c1 LE\u00c3O<\/td>\n<td>67<\/td>\n<td>66<\/td>\n<td>98,50%<\/td>\n<\/tr>\n<tr id=\"yui_3_16_0_1_1438350851515_2146\">\n<td id=\"yui_3_16_0_1_1438350851515_2145\" height=\"25\">JOS\u00c9 CARLOS ALELUIA<\/td>\n<td>67<\/td>\n<td>66<\/td>\n<td>98,50%<\/td>\n<\/tr>\n<tr>\n<td height=\"25\">MOEMA GRAMACHO<\/td>\n<td>67<\/td>\n<td>66<\/td>\n<td>98,50%<\/td>\n<\/tr>\n<tr id=\"yui_3_16_0_1_1438350851515_2144\">\n<td id=\"yui_3_16_0_1_1438350851515_2143\" height=\"25\">VALMIR ASSUN\u00c7\u00c3O<\/td>\n<td>67<\/td>\n<td>66<\/td>\n<td>98,50%<\/td>\n<\/tr>\n<tr id=\"yui_3_16_0_1_1438350851515_2142\">\n<td id=\"yui_3_16_0_1_1438350851515_2141\" height=\"25\">ANTONIO BRITO<\/td>\n<td>67<\/td>\n<td>67<\/td>\n<td>100,00%<\/td>\n<\/tr>\n<\/tbody>\n<\/table>\n<p id=\"yui_3_16_0_1_1438350851515_2133\"><em id=\"yui_3_16_0_1_1438350851515_2140\">Fonte: C\u00e2mara Federal<\/em><\/p>\n<\/div>\n<\/div>\n<\/div>\n","protected":false},"excerpt":{"rendered":"<p>O deputado federal Ant\u00f4nio Britto (PTB), figura na rela\u00e7\u00e3o de frequ\u00eancia da bancada baiana na C\u00e2mara Federal com 100% de presen\u00e7a nas 67 sess\u00f5es realizadas no primeiro semestre da legislatura 2015\/2018, iniciada no m\u00eas de fevereiro deste ano. Sobre o tema o parlamentar petebista, comentou, \u201c\u00c9 minha obriga\u00e7\u00e3o estar presente e participar das discuss\u00f5es. Estou [&hellip;]<\/p>\n","protected":false},"author":2,"featured_media":0,"comment_status":"open","ping_status":"open","sticky":false,"template":"","format":"standard","meta":{"footnotes":"","_links_to":"","_links_to_target":""},"categories":[1],"tags":[],"class_list":["post-50985","post","type-post","status-publish","format-standard","hentry","category-geral"],"views":3234,"_links":{"self":[{"href":"https:\/\/www.sudoestehoje.com.br\/novoportal\/wp-json\/wp\/v2\/posts\/50985","targetHints":{"allow":["GET"]}}],"collection":[{"href":"https:\/\/www.sudoestehoje.com.br\/novoportal\/wp-json\/wp\/v2\/posts"}],"about":[{"href":"https:\/\/www.sudoestehoje.com.br\/novoportal\/wp-json\/wp\/v2\/types\/post"}],"author":[{"embeddable":true,"href":"https:\/\/www.sudoestehoje.com.br\/novoportal\/wp-json\/wp\/v2\/users\/2"}],"replies":[{"embeddable":true,"href":"https:\/\/www.sudoestehoje.com.br\/novoportal\/wp-json\/wp\/v2\/comments?post=50985"}],"version-history":[{"count":9,"href":"https:\/\/www.sudoestehoje.com.br\/novoportal\/wp-json\/wp\/v2\/posts\/50985\/revisions"}],"predecessor-version":[{"id":51007,"href":"https:\/\/www.sudoestehoje.com.br\/novoportal\/wp-json\/wp\/v2\/posts\/50985\/revisions\/51007"}],"wp:attachment":[{"href":"https:\/\/www.sudoestehoje.com.br\/novoportal\/wp-json\/wp\/v2\/media?parent=50985"}],"wp:term":[{"taxonomy":"category","embeddable":true,"href":"https:\/\/www.sudoestehoje.com.br\/novoportal\/wp-json\/wp\/v2\/categories?post=50985"},{"taxonomy":"post_tag","embeddable":true,"href":"https:\/\/www.sudoestehoje.com.br\/novoportal\/wp-json\/wp\/v2\/tags?post=50985"}],"curies":[{"name":"wp","href":"https:\/\/api.w.org\/{rel}","templated":true}]}}