
{"id":50965,"date":"2015-07-30T22:08:29","date_gmt":"2015-07-31T01:08:29","guid":{"rendered":"http:\/\/www.sudoestehoje.com.br\/novoportal\/?p=50965"},"modified":"2015-07-31T01:41:33","modified_gmt":"2015-07-31T04:41:33","slug":"greve-dos-professores-da-uesb-deve-acabar-nesta-sexta","status":"publish","type":"post","link":"https:\/\/www.sudoestehoje.com.br\/novoportal\/2015\/07\/30\/greve-dos-professores-da-uesb-deve-acabar-nesta-sexta\/","title":{"rendered":"GREVE DOS PROFESSORES DA UESB DEVE ACABAR NESTA SEXTA"},"content":{"rendered":"<p><a href=\"http:\/\/www.sudoestehoje.com.br\/novoportal\/wp-content\/uploads\/2015\/07\/ADUSB.jpg\"><img loading=\"lazy\" decoding=\"async\" class=\"aligncenter size-medium wp-image-50967\" src=\"http:\/\/www.sudoestehoje.com.br\/novoportal\/wp-content\/uploads\/2015\/07\/ADUSB-500x300.jpg\" alt=\"ADUSB\" width=\"500\" height=\"300\" srcset=\"https:\/\/www.sudoestehoje.com.br\/novoportal\/wp-content\/uploads\/2015\/07\/ADUSB.jpg 500w, https:\/\/www.sudoestehoje.com.br\/novoportal\/wp-content\/uploads\/2015\/07\/ADUSB-150x90.jpg 150w\" sizes=\"auto, (max-width: 500px) 100vw, 500px\" \/><\/a><\/p>\n<p>Na tarde desta quinta-feira (30), os professores da Universidade Estadual do Sudoeste da Bahia (Uesb) decidiram esperar at\u00e9 esta sexta para deliberar o fim da greve. Amanh\u00e3, o Governo do Estado deve assinar o termo de acordo, promo\u00e7\u00f5es, progress\u00f5es e mudan\u00e7as de regime de trabalho represadas ser\u00e3o implementadas em at\u00e9 60 dias.<\/p>\n<p>O acordo prev\u00ea recursos para os pagamentos dos benef\u00edcios n\u00e3o comprometer\u00e3o outros direitos trabalhistas, a manuten\u00e7\u00e3o, a\u00e7\u00f5es do PPA, final\u00edstica de custeio e investimento das Universidades. Al\u00e9m disso, o governo se compromete a encaminhar, em at\u00e9 60 dias, para a Assembleia Legislativa o projeto de lei que revoga a lei 7176\/97 e assegura a autonomia universit\u00e1ria conforme previs\u00e3o do artigo 207 da Constitui\u00e7\u00e3o Federal.<\/p>\n<p><img decoding=\"async\" class=\" aligncenter\" src=\"http:\/\/www.sudoestehoje.com.br\/novoportal\/wp-content\/uploads\/2015\/02\/NOVO-BANNER-COOLEITE-500x250.jpg\" alt=\"NOVO BANNER COOLEITE\" \/><!--more--><\/p>\n<p>\u201cEm caso de algum tipo de mudan\u00e7a no conte\u00fado do acordo ou retirada da mesa de algum dos documentos, por parte do governo, a greve ser\u00e1 mantida e uma nova assembleia da Adusb ocorrer\u00e1 na ter\u00e7a-feira (04 de agosto)\u201d, afirmam os professores.<\/p>\n<p>Vale destacar que, com o fim do movimento grevista, os professores voltam a desenvolver suas atividades. Contudo, as aulas s\u00f3 retornam depois da delibera\u00e7\u00e3o do Conselho de Ensino, Pesquisa e Extens\u00e3o da UESB (CONSEPE) sobre o calend\u00e1rio acad\u00eamico, cuja convoca\u00e7\u00e3o \u00e9 de responsabilidade da reitoria.<\/p>\n<p>\u201cA luta por mais recursos para as Universidades Estaduais da Bahia, perman\u00eancia estudantil e pauta interna continua. Uma agenda de mobiliza\u00e7\u00e3o foi aprovada pela categoria para dar continuidade \u00e0s reivindica\u00e7\u00f5es\u201d, finaliza os professores.<\/p>\n","protected":false},"excerpt":{"rendered":"<p>Na tarde desta quinta-feira (30), os professores da Universidade Estadual do Sudoeste da Bahia (Uesb) decidiram esperar at\u00e9 esta sexta para deliberar o fim da greve. Amanh\u00e3, o Governo do Estado deve assinar o termo de acordo, promo\u00e7\u00f5es, progress\u00f5es e mudan\u00e7as de regime de trabalho represadas ser\u00e3o implementadas em at\u00e9 60 dias. O acordo prev\u00ea [&hellip;]<\/p>\n","protected":false},"author":2,"featured_media":0,"comment_status":"open","ping_status":"open","sticky":false,"template":"","format":"standard","meta":{"footnotes":"","_links_to":"","_links_to_target":""},"categories":[1],"tags":[],"class_list":["post-50965","post","type-post","status-publish","format-standard","hentry","category-geral"],"views":1436,"_links":{"self":[{"href":"https:\/\/www.sudoestehoje.com.br\/novoportal\/wp-json\/wp\/v2\/posts\/50965","targetHints":{"allow":["GET"]}}],"collection":[{"href":"https:\/\/www.sudoestehoje.com.br\/novoportal\/wp-json\/wp\/v2\/posts"}],"about":[{"href":"https:\/\/www.sudoestehoje.com.br\/novoportal\/wp-json\/wp\/v2\/types\/post"}],"author":[{"embeddable":true,"href":"https:\/\/www.sudoestehoje.com.br\/novoportal\/wp-json\/wp\/v2\/users\/2"}],"replies":[{"embeddable":true,"href":"https:\/\/www.sudoestehoje.com.br\/novoportal\/wp-json\/wp\/v2\/comments?post=50965"}],"version-history":[{"count":4,"href":"https:\/\/www.sudoestehoje.com.br\/novoportal\/wp-json\/wp\/v2\/posts\/50965\/revisions"}],"predecessor-version":[{"id":50984,"href":"https:\/\/www.sudoestehoje.com.br\/novoportal\/wp-json\/wp\/v2\/posts\/50965\/revisions\/50984"}],"wp:attachment":[{"href":"https:\/\/www.sudoestehoje.com.br\/novoportal\/wp-json\/wp\/v2\/media?parent=50965"}],"wp:term":[{"taxonomy":"category","embeddable":true,"href":"https:\/\/www.sudoestehoje.com.br\/novoportal\/wp-json\/wp\/v2\/categories?post=50965"},{"taxonomy":"post_tag","embeddable":true,"href":"https:\/\/www.sudoestehoje.com.br\/novoportal\/wp-json\/wp\/v2\/tags?post=50965"}],"curies":[{"name":"wp","href":"https:\/\/api.w.org\/{rel}","templated":true}]}}