
{"id":50931,"date":"2015-07-29T15:16:50","date_gmt":"2015-07-29T18:16:50","guid":{"rendered":"http:\/\/www.sudoestehoje.com.br\/novoportal\/?p=50931"},"modified":"2015-07-29T18:24:28","modified_gmt":"2015-07-29T21:24:28","slug":"gestao-acm-neto-tem-82-de-aprovacao-e-seria-reeleito-no-primeiro-turno","status":"publish","type":"post","link":"https:\/\/www.sudoestehoje.com.br\/novoportal\/2015\/07\/29\/gestao-acm-neto-tem-82-de-aprovacao-e-seria-reeleito-no-primeiro-turno\/","title":{"rendered":"GEST\u00c3O ACM NETO TEM 82% DE APROVA\u00c7\u00c3O E SERIA REELEITO NO PRIMEIRO TURNO"},"content":{"rendered":"<p><a href=\"http:\/\/www.sudoestehoje.com.br\/novoportal\/wp-content\/uploads\/2015\/07\/NETO.jpg\"><img loading=\"lazy\" decoding=\"async\" class=\"aligncenter size-full wp-image-50933\" src=\"http:\/\/www.sudoestehoje.com.br\/novoportal\/wp-content\/uploads\/2015\/07\/NETO.jpg\" alt=\"NETO\" width=\"448\" height=\"298\" srcset=\"https:\/\/www.sudoestehoje.com.br\/novoportal\/wp-content\/uploads\/2015\/07\/NETO.jpg 448w, https:\/\/www.sudoestehoje.com.br\/novoportal\/wp-content\/uploads\/2015\/07\/NETO-150x100.jpg 150w\" sizes=\"auto, (max-width: 448px) 100vw, 448px\" \/><\/a><\/p>\n<p>A gest\u00e3o do prefeito de Salvador, ACM Neto (DEM), tem aprova\u00e7\u00e3o de 82% da popula\u00e7\u00e3o, de acordo com pesquisa feita pelo Instituto Paran\u00e1 Pesquisas e divulgada pelo Correio nesta quarta-feira (29).<\/p>\n<p>A pesquisa aponta que, al\u00e9m de superar as expectativas de 58,3% dos entrevistados, Neto tem aprova\u00e7\u00e3o superior a 80% em quatro recortes: sexo, idade, escolaridade e classe social \u2013 a \u00fanica exce\u00e7\u00e3o est\u00e1 entre pessoas das classes D e E, em que a aprova\u00e7\u00e3o cai para 69,6%. A faixa tamb\u00e9m \u00e9 a que tem o maior \u00edndice de reprova\u00e7\u00e3o, com 30,4%.<\/p>\n<p>Ainda segundo a pesquisa, Neto venceria as elei\u00e7\u00f5es de 2016 no primeiro turno, com folga, em cen\u00e1rios contra Nelson Pelegrino ou Jaques Wagner (ambos do PT), L\u00eddice da Mata (PSB), Alice Portugal (PCdoB) e Ant\u00f4nio Brito (PTB). O grau de confian\u00e7a da pesquisa \u00e9 de 95%.<\/p>\n<p><img decoding=\"async\" class=\" aligncenter\" src=\"http:\/\/www.sudoestehoje.com.br\/novoportal\/wp-content\/uploads\/2015\/07\/%C3%93TICA-ITAPUAN-BANNER1-500x179.jpg\" alt=\"\u00d3TICA-ITAPUAN-BANNER1\" \/><\/p>\n","protected":false},"excerpt":{"rendered":"<p>A gest\u00e3o do prefeito de Salvador, ACM Neto (DEM), tem aprova\u00e7\u00e3o de 82% da popula\u00e7\u00e3o, de acordo com pesquisa feita pelo Instituto Paran\u00e1 Pesquisas e divulgada pelo Correio nesta quarta-feira (29). A pesquisa aponta que, al\u00e9m de superar as expectativas de 58,3% dos entrevistados, Neto tem aprova\u00e7\u00e3o superior a 80% em quatro recortes: sexo, idade, [&hellip;]<\/p>\n","protected":false},"author":2,"featured_media":0,"comment_status":"open","ping_status":"open","sticky":false,"template":"","format":"standard","meta":{"footnotes":"","_links_to":"","_links_to_target":""},"categories":[1],"tags":[],"class_list":["post-50931","post","type-post","status-publish","format-standard","hentry","category-geral"],"views":1626,"_links":{"self":[{"href":"https:\/\/www.sudoestehoje.com.br\/novoportal\/wp-json\/wp\/v2\/posts\/50931","targetHints":{"allow":["GET"]}}],"collection":[{"href":"https:\/\/www.sudoestehoje.com.br\/novoportal\/wp-json\/wp\/v2\/posts"}],"about":[{"href":"https:\/\/www.sudoestehoje.com.br\/novoportal\/wp-json\/wp\/v2\/types\/post"}],"author":[{"embeddable":true,"href":"https:\/\/www.sudoestehoje.com.br\/novoportal\/wp-json\/wp\/v2\/users\/2"}],"replies":[{"embeddable":true,"href":"https:\/\/www.sudoestehoje.com.br\/novoportal\/wp-json\/wp\/v2\/comments?post=50931"}],"version-history":[{"count":5,"href":"https:\/\/www.sudoestehoje.com.br\/novoportal\/wp-json\/wp\/v2\/posts\/50931\/revisions"}],"predecessor-version":[{"id":50947,"href":"https:\/\/www.sudoestehoje.com.br\/novoportal\/wp-json\/wp\/v2\/posts\/50931\/revisions\/50947"}],"wp:attachment":[{"href":"https:\/\/www.sudoestehoje.com.br\/novoportal\/wp-json\/wp\/v2\/media?parent=50931"}],"wp:term":[{"taxonomy":"category","embeddable":true,"href":"https:\/\/www.sudoestehoje.com.br\/novoportal\/wp-json\/wp\/v2\/categories?post=50931"},{"taxonomy":"post_tag","embeddable":true,"href":"https:\/\/www.sudoestehoje.com.br\/novoportal\/wp-json\/wp\/v2\/tags?post=50931"}],"curies":[{"name":"wp","href":"https:\/\/api.w.org\/{rel}","templated":true}]}}