
{"id":50853,"date":"2015-07-27T12:18:28","date_gmt":"2015-07-27T15:18:28","guid":{"rendered":"http:\/\/www.sudoestehoje.com.br\/novoportal\/?p=50853"},"modified":"2015-07-29T01:36:18","modified_gmt":"2015-07-29T04:36:18","slug":"exclusivo-dem-e-pmdb-querem-cabeca-de-chapa-mas-negociam-vice","status":"publish","type":"post","link":"https:\/\/www.sudoestehoje.com.br\/novoportal\/2015\/07\/27\/exclusivo-dem-e-pmdb-querem-cabeca-de-chapa-mas-negociam-vice\/","title":{"rendered":"EXCLUSIVO: DEM E PMDB QUEREM CABE\u00c7A DE CHAPA MAS NEGOCIAM VICE"},"content":{"rendered":"<div id=\"attachment_50855\" style=\"width: 510px\" class=\"wp-caption aligncenter\"><a href=\"http:\/\/www.sudoestehoje.com.br\/novoportal\/wp-content\/uploads\/2015\/07\/michel-e-ze.jpg\"><img loading=\"lazy\" decoding=\"async\" aria-describedby=\"caption-attachment-50855\" class=\"size-medium wp-image-50855\" src=\"http:\/\/www.sudoestehoje.com.br\/novoportal\/wp-content\/uploads\/2015\/07\/michel-e-ze-500x375.jpg\" alt=\"Foto: Sudoeste Hoje\" width=\"500\" height=\"375\" srcset=\"https:\/\/www.sudoestehoje.com.br\/novoportal\/wp-content\/uploads\/2015\/07\/michel-e-ze.jpg 500w, https:\/\/www.sudoestehoje.com.br\/novoportal\/wp-content\/uploads\/2015\/07\/michel-e-ze-150x113.jpg 150w\" sizes=\"auto, (max-width: 500px) 100vw, 500px\" \/><\/a><p id=\"caption-attachment-50855\" class=\"wp-caption-text\">Foto: Sudoeste Hoje<\/p><\/div>\n<p>Em reuni\u00e3o realizada neste domingo (26), lideran\u00e7as democratas e peemedebistas acertaram que est\u00e1 mantida a uni\u00e3o entre os dois partidos, com vistas \u00e0s elei\u00e7\u00f5es de 2016, quando ser\u00e3o lan\u00e7adas as candidaturas pr\u00f3prias a prefeito e vereador, podendo, entretanto, abrirem m\u00e3o da candidatura a vice-prefeito, para facilitar a composi\u00e7\u00e3o com os demais partidos de oposi\u00e7\u00e3o.<\/p>\n<p>Anteriormente, os l\u00edderes Jos\u00e9 Ot\u00e1vio e Michel Hagge haviam combinado que os candidatos a prefeito e vice seriam lan\u00e7ados pelo DEM e PMDB, mas diante da expans\u00e3o das demais for\u00e7as de oposi\u00e7\u00e3o, entenderam que ser\u00e1 mais justo e democr\u00e1tico reserva a candidatura de vice-prefeito para as outras agremia\u00e7\u00f5es que queiram participar do processo de uni\u00e3o das oposi\u00e7\u00f5es, para vencer as pr\u00f3ximas elei\u00e7\u00f5es municipais.<\/p>\n<p>Quanto ao nome que dever\u00e1 ser indicado atrav\u00e9s do consenso dos dois partidos, Michel, Jos\u00e9 Ot\u00e1vio e demais lideran\u00e7as decidiram que o lan\u00e7amento ocorrer\u00e1 no momento pr\u00f3prio, provavelmente a partir de mar\u00e7o de 2016, quando o processo eleitoral come\u00e7ar\u00e1 a ganhar for\u00e7a. At\u00e9 l\u00e1, s\u00f3 especula\u00e7\u00f5es.<\/p>\n<p>As informa\u00e7\u00f5es foram repassadas com exclusividade ao <strong><em>Sudoeste Hoje<\/em><\/strong>, pelo ex-prefeito Michel Hagge e pelo presidente do DEM, Geraldo Trindade.<\/p>\n<p><strong><em>Por Davi Ferraz<\/em> <\/strong><\/p>\n<p><img decoding=\"async\" class=\"aligncenter\" src=\"http:\/\/img.blogdoanderson.com\/publicidade\/cristo-redentor-02-15.jpg\" alt=\"\" \/><\/p>\n","protected":false},"excerpt":{"rendered":"<p>Em reuni\u00e3o realizada neste domingo (26), lideran\u00e7as democratas e peemedebistas acertaram que est\u00e1 mantida a uni\u00e3o entre os dois partidos, com vistas \u00e0s elei\u00e7\u00f5es de 2016, quando ser\u00e3o lan\u00e7adas as candidaturas pr\u00f3prias a prefeito e vereador, podendo, entretanto, abrirem m\u00e3o da candidatura a vice-prefeito, para facilitar a composi\u00e7\u00e3o com os demais partidos de oposi\u00e7\u00e3o. Anteriormente, [&hellip;]<\/p>\n","protected":false},"author":2,"featured_media":0,"comment_status":"open","ping_status":"open","sticky":false,"template":"","format":"standard","meta":{"footnotes":"","_links_to":"","_links_to_target":""},"categories":[1],"tags":[],"class_list":["post-50853","post","type-post","status-publish","format-standard","hentry","category-geral"],"views":1439,"_links":{"self":[{"href":"https:\/\/www.sudoestehoje.com.br\/novoportal\/wp-json\/wp\/v2\/posts\/50853","targetHints":{"allow":["GET"]}}],"collection":[{"href":"https:\/\/www.sudoestehoje.com.br\/novoportal\/wp-json\/wp\/v2\/posts"}],"about":[{"href":"https:\/\/www.sudoestehoje.com.br\/novoportal\/wp-json\/wp\/v2\/types\/post"}],"author":[{"embeddable":true,"href":"https:\/\/www.sudoestehoje.com.br\/novoportal\/wp-json\/wp\/v2\/users\/2"}],"replies":[{"embeddable":true,"href":"https:\/\/www.sudoestehoje.com.br\/novoportal\/wp-json\/wp\/v2\/comments?post=50853"}],"version-history":[{"count":4,"href":"https:\/\/www.sudoestehoje.com.br\/novoportal\/wp-json\/wp\/v2\/posts\/50853\/revisions"}],"predecessor-version":[{"id":50920,"href":"https:\/\/www.sudoestehoje.com.br\/novoportal\/wp-json\/wp\/v2\/posts\/50853\/revisions\/50920"}],"wp:attachment":[{"href":"https:\/\/www.sudoestehoje.com.br\/novoportal\/wp-json\/wp\/v2\/media?parent=50853"}],"wp:term":[{"taxonomy":"category","embeddable":true,"href":"https:\/\/www.sudoestehoje.com.br\/novoportal\/wp-json\/wp\/v2\/categories?post=50853"},{"taxonomy":"post_tag","embeddable":true,"href":"https:\/\/www.sudoestehoje.com.br\/novoportal\/wp-json\/wp\/v2\/tags?post=50853"}],"curies":[{"name":"wp","href":"https:\/\/api.w.org\/{rel}","templated":true}]}}