
{"id":508,"date":"2010-07-25T09:45:23","date_gmt":"2010-07-25T12:45:23","guid":{"rendered":"http:\/\/sudoestehoje.tempsite.ws\/novoportal\/?p=508"},"modified":"2010-09-22T16:26:52","modified_gmt":"2010-09-22T19:26:52","slug":"o-avanco-das-motos","status":"publish","type":"post","link":"https:\/\/www.sudoestehoje.com.br\/novoportal\/2010\/07\/25\/o-avanco-das-motos\/","title":{"rendered":"O AVAN\u00c7O DAS MOTOS"},"content":{"rendered":"<div>\n<p style=\"text-align: center;\"><img loading=\"lazy\" decoding=\"async\" src=\"http:\/\/g1.globo.com\/Noticias\/SaoPaulo\/foto\/0,,15579880-EX,00.jpg\" border=\"0\" alt=\"\" width=\"321\" height=\"201\" \/><\/p>\n<p style=\"text-align: center;\">Acidentes aumentam na propor\u00e7\u00e3o em que cresce o n\u00famero de motos<\/p>\n<p>O  crescimento do n\u00famero de motocicletas em circula\u00e7\u00e3o no Brasil foi tema  de mat\u00e9ria da Folha de S\u00e3o Paulo h\u00e1 uma semana e volta a ser discutido,  pela mesma publica\u00e7\u00e3o, no editorial de hoje (clique <strong><a href=\"http:\/\/www1.folha.uol.com.br\/fsp\/opiniao\/fz2507201001.htm\" target=\"_blank\"><span style=\"color: #833225;\">AQUI<\/span><\/a><\/strong> se for assinante). Provoca uma reflex\u00e3o necess\u00e1ria.<\/p>\n<p>Em  2001, apenas 26% das cidades brasileiras tinham mais motos do que  carros. Hoje, os ve\u00edculos de duas rodas s\u00e3o maioria em 46% das cidades.  Segundo apura\u00e7\u00e3o da Folha, em 2005 havia 7,4 milh\u00f5es de motocicletas,  enquanto\u00a0atualmente elas j\u00e1 s\u00e3o 15,3 milh\u00f5es, numa varia\u00e7\u00e3o de 105% em  cinco anos!<\/p>\n<p>Infelizmente, parte da consequ\u00eancia  desse crescimento est\u00e1 na eleva\u00e7\u00e3o da demanda para os coveiros. No ano  de 1996, o Brasil registrou 725 motociclistas mortos contra 8 mil no ano  passado (aproximadamente 22 \u00f3bitos por dia). Para combater o que o  jornal define bem como uma \u201cestupidez alarmante\u201d, aponta-se a  necessidade de\u00a0punir com rigor as infra\u00e7\u00f5es e abusos de motociclistas e  investir em um transporte p\u00fablico eficiente.<\/p>\n<p>N\u00e3o  se pode desconhecer as vantagens das motocicletas, mas a  irresponsabilidade reiterada,em combina\u00e7\u00e3o com a falta de pol\u00edticas  p\u00fablicas, faz com que esses ve\u00edculos continuem sendo o meio de  transporte mais r\u00e1pido para o cemit\u00e9rio. Pimenta<\/p>\n<\/div>\n","protected":false},"excerpt":{"rendered":"<p>Acidentes aumentam na propor\u00e7\u00e3o em que cresce o n\u00famero de motos O crescimento do n\u00famero de motocicletas em circula\u00e7\u00e3o no Brasil foi tema de mat\u00e9ria da Folha de S\u00e3o Paulo h\u00e1 uma semana e volta a ser discutido, pela mesma publica\u00e7\u00e3o, no editorial de hoje (clique AQUI se for assinante). Provoca uma reflex\u00e3o necess\u00e1ria. Em [&hellip;]<\/p>\n","protected":false},"author":1,"featured_media":0,"comment_status":"open","ping_status":"open","sticky":false,"template":"","format":"standard","meta":{"footnotes":"","_links_to":"","_links_to_target":""},"categories":[1],"tags":[],"class_list":["post-508","post","type-post","status-publish","format-standard","hentry","category-geral"],"views":1400,"_links":{"self":[{"href":"https:\/\/www.sudoestehoje.com.br\/novoportal\/wp-json\/wp\/v2\/posts\/508","targetHints":{"allow":["GET"]}}],"collection":[{"href":"https:\/\/www.sudoestehoje.com.br\/novoportal\/wp-json\/wp\/v2\/posts"}],"about":[{"href":"https:\/\/www.sudoestehoje.com.br\/novoportal\/wp-json\/wp\/v2\/types\/post"}],"author":[{"embeddable":true,"href":"https:\/\/www.sudoestehoje.com.br\/novoportal\/wp-json\/wp\/v2\/users\/1"}],"replies":[{"embeddable":true,"href":"https:\/\/www.sudoestehoje.com.br\/novoportal\/wp-json\/wp\/v2\/comments?post=508"}],"version-history":[{"count":1,"href":"https:\/\/www.sudoestehoje.com.br\/novoportal\/wp-json\/wp\/v2\/posts\/508\/revisions"}],"predecessor-version":[{"id":509,"href":"https:\/\/www.sudoestehoje.com.br\/novoportal\/wp-json\/wp\/v2\/posts\/508\/revisions\/509"}],"wp:attachment":[{"href":"https:\/\/www.sudoestehoje.com.br\/novoportal\/wp-json\/wp\/v2\/media?parent=508"}],"wp:term":[{"taxonomy":"category","embeddable":true,"href":"https:\/\/www.sudoestehoje.com.br\/novoportal\/wp-json\/wp\/v2\/categories?post=508"},{"taxonomy":"post_tag","embeddable":true,"href":"https:\/\/www.sudoestehoje.com.br\/novoportal\/wp-json\/wp\/v2\/tags?post=508"}],"curies":[{"name":"wp","href":"https:\/\/api.w.org\/{rel}","templated":true}]}}