
{"id":50733,"date":"2015-07-22T14:37:54","date_gmt":"2015-07-22T17:37:54","guid":{"rendered":"http:\/\/www.sudoestehoje.com.br\/novoportal\/?p=50733"},"modified":"2015-07-22T18:28:21","modified_gmt":"2015-07-22T21:28:21","slug":"geddel-e-lucio-adotam-luta-aberta-para-rompimento-do-pmdb-com-pt","status":"publish","type":"post","link":"https:\/\/www.sudoestehoje.com.br\/novoportal\/2015\/07\/22\/geddel-e-lucio-adotam-luta-aberta-para-rompimento-do-pmdb-com-pt\/","title":{"rendered":"GEDDEL E L\u00daCIO ADOTAM LUTA ABERTA PARA ROMPIMENTO DO PMDB COM PT"},"content":{"rendered":"<p><a href=\"http:\/\/www.sudoestehoje.com.br\/novoportal\/wp-content\/uploads\/2015\/07\/gedel-e-lucio.jpg\"><img loading=\"lazy\" decoding=\"async\" class=\"aligncenter  wp-image-50734\" src=\"http:\/\/www.sudoestehoje.com.br\/novoportal\/wp-content\/uploads\/2015\/07\/gedel-e-lucio.jpg\" alt=\"gedel e lucio\" width=\"499\" height=\"368\" srcset=\"https:\/\/www.sudoestehoje.com.br\/novoportal\/wp-content\/uploads\/2015\/07\/gedel-e-lucio.jpg 380w, https:\/\/www.sudoestehoje.com.br\/novoportal\/wp-content\/uploads\/2015\/07\/gedel-e-lucio-150x111.jpg 150w\" sizes=\"auto, (max-width: 499px) 100vw, 499px\" \/><\/a><\/p>\n<p>Os irm\u00e3os Vieira Lima sentiram o cheiro do sangue e est\u00e3o em Bras\u00edlia, onde costuram <a href=\"http:\/\/www.bahianoticias.com.br\/noticia\/175681-geddel-apoia-rompimento-de-cunha-se-aproxima-de-posicao-que-ja-defendemos.html\" target=\"_blank\"><strong>apoio ao presidente da C\u00e2mara dos Deputados, Eduardo Cunha (PMDB-RJ)<\/strong><\/a>, e defendem rompimento total da sigla com o governo da presidente Dilma Rousseff (PT).<\/p>\n<p>De acordo com a coluna Sat\u00e9lite, do Correio, L\u00facio se encontrou com Cunha nesta ter\u00e7a-feira (21) e al\u00e9m de se colocar a favor do rompimento, disse que buscar\u00e1 pessoalmente o apoio de l\u00edderes peemedebistas e da base aliada para Cunha.<\/p>\n<p>J\u00e1 Geddel, segundo o jornalista Josias de Souza, do Uol, comunicou ao vice-presidente Michel Temer e ao ministro Eliseu Padilha (Avia\u00e7\u00e3o Civil) que deflagrou uma articula\u00e7\u00e3o pelo rompimento com o governo Dilma. \u201cAcabou esse constrangimento de silenciar por amizade e respeito ao Temer. N\u00e3o temos nada contra o Temer e o Padilha. Mas est\u00e1 havendo uma extrapola\u00e7\u00e3o.\u00a0Os dois fazem uma defesa intransigente do governo. E expressam posi\u00e7\u00f5es que n\u00e3o correspondem ao pensamento da maioria do PMDB. Essa maioria come\u00e7ar\u00e1 a se expressar. Estou quebrando o sil\u00eancio. Outros falar\u00e3o\u201d, disse Geddel, que defender uma \u201cluta aberta e sem constrangimentos\u201d com o governo.<\/p>\n<p>\u201cO PMDB tem de sair do governo, entregando todos os cargos. Do contr\u00e1rio, n\u00e3o teremos credibilidade para falar em candidatura pr\u00f3pria para 2018. Se queremos ser levados a s\u00e9rio, precisamos trilhar a nossa estrada de Damasco\u201d, metaforizou Geddel.<\/p>\n<p><img decoding=\"async\" class=\"aligncenter\" src=\"http:\/\/www.sudoestehoje.com.br\/novoportal\/wp-content\/uploads\/2015\/05\/rezende-500x163-500x163.jpg\" alt=\"rezende-500x163\" \/><\/p>\n","protected":false},"excerpt":{"rendered":"<p>Os irm\u00e3os Vieira Lima sentiram o cheiro do sangue e est\u00e3o em Bras\u00edlia, onde costuram apoio ao presidente da C\u00e2mara dos Deputados, Eduardo Cunha (PMDB-RJ), e defendem rompimento total da sigla com o governo da presidente Dilma Rousseff (PT). De acordo com a coluna Sat\u00e9lite, do Correio, L\u00facio se encontrou com Cunha nesta ter\u00e7a-feira (21) [&hellip;]<\/p>\n","protected":false},"author":2,"featured_media":0,"comment_status":"open","ping_status":"open","sticky":false,"template":"","format":"standard","meta":{"footnotes":"","_links_to":"","_links_to_target":""},"categories":[1],"tags":[],"class_list":["post-50733","post","type-post","status-publish","format-standard","hentry","category-geral"],"views":1413,"_links":{"self":[{"href":"https:\/\/www.sudoestehoje.com.br\/novoportal\/wp-json\/wp\/v2\/posts\/50733","targetHints":{"allow":["GET"]}}],"collection":[{"href":"https:\/\/www.sudoestehoje.com.br\/novoportal\/wp-json\/wp\/v2\/posts"}],"about":[{"href":"https:\/\/www.sudoestehoje.com.br\/novoportal\/wp-json\/wp\/v2\/types\/post"}],"author":[{"embeddable":true,"href":"https:\/\/www.sudoestehoje.com.br\/novoportal\/wp-json\/wp\/v2\/users\/2"}],"replies":[{"embeddable":true,"href":"https:\/\/www.sudoestehoje.com.br\/novoportal\/wp-json\/wp\/v2\/comments?post=50733"}],"version-history":[{"count":2,"href":"https:\/\/www.sudoestehoje.com.br\/novoportal\/wp-json\/wp\/v2\/posts\/50733\/revisions"}],"predecessor-version":[{"id":50744,"href":"https:\/\/www.sudoestehoje.com.br\/novoportal\/wp-json\/wp\/v2\/posts\/50733\/revisions\/50744"}],"wp:attachment":[{"href":"https:\/\/www.sudoestehoje.com.br\/novoportal\/wp-json\/wp\/v2\/media?parent=50733"}],"wp:term":[{"taxonomy":"category","embeddable":true,"href":"https:\/\/www.sudoestehoje.com.br\/novoportal\/wp-json\/wp\/v2\/categories?post=50733"},{"taxonomy":"post_tag","embeddable":true,"href":"https:\/\/www.sudoestehoje.com.br\/novoportal\/wp-json\/wp\/v2\/tags?post=50733"}],"curies":[{"name":"wp","href":"https:\/\/api.w.org\/{rel}","templated":true}]}}