
{"id":50691,"date":"2015-07-19T15:30:45","date_gmt":"2015-07-19T18:30:45","guid":{"rendered":"http:\/\/www.sudoestehoje.com.br\/novoportal\/?p=50691"},"modified":"2015-07-22T18:36:41","modified_gmt":"2015-07-22T21:36:41","slug":"decisao-do-tcm-ja-pode-deixar-prefeitos-inelegiveis-para-2016","status":"publish","type":"post","link":"https:\/\/www.sudoestehoje.com.br\/novoportal\/2015\/07\/19\/decisao-do-tcm-ja-pode-deixar-prefeitos-inelegiveis-para-2016\/","title":{"rendered":"DECIS\u00c3O DO TCM J\u00c1 PODE DEIXAR PREFEITOS INELEG\u00cdVEIS PARA 2016"},"content":{"rendered":"<p><a href=\"http:\/\/www.sudoestehoje.com.br\/novoportal\/wp-content\/uploads\/2015\/07\/tc.jpg\"><img loading=\"lazy\" decoding=\"async\" class=\"aligncenter size-medium wp-image-50693\" src=\"http:\/\/www.sudoestehoje.com.br\/novoportal\/wp-content\/uploads\/2015\/07\/tc-500x288.jpg\" alt=\"tc\" width=\"500\" height=\"288\" srcset=\"https:\/\/www.sudoestehoje.com.br\/novoportal\/wp-content\/uploads\/2015\/07\/tc-500x288.jpg 500w, https:\/\/www.sudoestehoje.com.br\/novoportal\/wp-content\/uploads\/2015\/07\/tc-150x87.jpg 150w, https:\/\/www.sudoestehoje.com.br\/novoportal\/wp-content\/uploads\/2015\/07\/tc.jpg 650w\" sizes=\"auto, (max-width: 500px) 100vw, 500px\" \/><\/a><\/p>\n<p>A um ano das elei\u00e7\u00f5es de 2016, o Tribunal de Contas dos Munic\u00edpios da Bahia (TCM-BA) ter\u00e1 um \u201cpoder de fogo\u201d maior ao julgar as pr\u00f3ximas contas de prefeituras baianas, relativas a 2014.<\/p>\n<p>O Tribunal Superior Eleitoral (TSE) decidiu que, nos casos em que prefeitos agem como ordenadores de despesas, as contas n\u00e3o se sujeitam ao julgamento final das c\u00e2maras municipais, basta a an\u00e1lise pelos tribunais de contas.<\/p>\n<p>Na pr\u00e1tica, isso significa que os tribunais regionais eleitorais poder\u00e3o definir se um gestor est\u00e1 ou n\u00e3o ineleg\u00edvel a partir do que apontarem os tribunais de contas no julgamento das finan\u00e7as. Antes, o TSE considerava que as decis\u00f5es a serem consideradas eram as das c\u00e2maras municipais, respons\u00e1veis por julgar o parecer pr\u00e9vio emitido pelos tribunais de contas.<\/p>\n<p>Para que o gestor fique ineleg\u00edvel, entretanto, a irregularidade observada pelo TCM dever\u00e1 ser algum ato que configure improbidade administrativa. Al\u00e9m disso, em alguns munic\u00edpios \u2013 sobretudo nos maiores \u2013 a tarefa de ordenador de despesas \u00e9 pouco desempenhada pelo prefeito, que acaba delegando a fun\u00e7\u00e3o a secret\u00e1rios. <strong><em>A Tarde<\/em><\/strong><\/p>\n<p><img decoding=\"async\" class=\"aligncenter\" src=\"http:\/\/www.sudoestehoje.com.br\/novoportal\/wp-content\/uploads\/2014\/07\/Feira-do-Lar-1.png\" alt=\"Feira-do-Lar (1)\" \/><\/p>\n","protected":false},"excerpt":{"rendered":"<p>A um ano das elei\u00e7\u00f5es de 2016, o Tribunal de Contas dos Munic\u00edpios da Bahia (TCM-BA) ter\u00e1 um \u201cpoder de fogo\u201d maior ao julgar as pr\u00f3ximas contas de prefeituras baianas, relativas a 2014. O Tribunal Superior Eleitoral (TSE) decidiu que, nos casos em que prefeitos agem como ordenadores de despesas, as contas n\u00e3o se sujeitam [&hellip;]<\/p>\n","protected":false},"author":2,"featured_media":0,"comment_status":"open","ping_status":"open","sticky":false,"template":"","format":"standard","meta":{"footnotes":"","_links_to":"","_links_to_target":""},"categories":[1],"tags":[],"class_list":["post-50691","post","type-post","status-publish","format-standard","hentry","category-geral"],"views":1925,"_links":{"self":[{"href":"https:\/\/www.sudoestehoje.com.br\/novoportal\/wp-json\/wp\/v2\/posts\/50691","targetHints":{"allow":["GET"]}}],"collection":[{"href":"https:\/\/www.sudoestehoje.com.br\/novoportal\/wp-json\/wp\/v2\/posts"}],"about":[{"href":"https:\/\/www.sudoestehoje.com.br\/novoportal\/wp-json\/wp\/v2\/types\/post"}],"author":[{"embeddable":true,"href":"https:\/\/www.sudoestehoje.com.br\/novoportal\/wp-json\/wp\/v2\/users\/2"}],"replies":[{"embeddable":true,"href":"https:\/\/www.sudoestehoje.com.br\/novoportal\/wp-json\/wp\/v2\/comments?post=50691"}],"version-history":[{"count":2,"href":"https:\/\/www.sudoestehoje.com.br\/novoportal\/wp-json\/wp\/v2\/posts\/50691\/revisions"}],"predecessor-version":[{"id":50750,"href":"https:\/\/www.sudoestehoje.com.br\/novoportal\/wp-json\/wp\/v2\/posts\/50691\/revisions\/50750"}],"wp:attachment":[{"href":"https:\/\/www.sudoestehoje.com.br\/novoportal\/wp-json\/wp\/v2\/media?parent=50691"}],"wp:term":[{"taxonomy":"category","embeddable":true,"href":"https:\/\/www.sudoestehoje.com.br\/novoportal\/wp-json\/wp\/v2\/categories?post=50691"},{"taxonomy":"post_tag","embeddable":true,"href":"https:\/\/www.sudoestehoje.com.br\/novoportal\/wp-json\/wp\/v2\/tags?post=50691"}],"curies":[{"name":"wp","href":"https:\/\/api.w.org\/{rel}","templated":true}]}}