
{"id":50529,"date":"2015-07-11T18:57:08","date_gmt":"2015-07-11T21:57:08","guid":{"rendered":"http:\/\/www.sudoestehoje.com.br\/novoportal\/?p=50529"},"modified":"2015-07-11T19:16:09","modified_gmt":"2015-07-11T22:16:09","slug":"dr-jivago-quairoz-assume-presidencia-do-diretorio-do-psdb-em-itapetinga","status":"publish","type":"post","link":"https:\/\/www.sudoestehoje.com.br\/novoportal\/2015\/07\/11\/dr-jivago-quairoz-assume-presidencia-do-diretorio-do-psdb-em-itapetinga\/","title":{"rendered":"DR. JIVAGO QUEIROZ ASSUME PRESID\u00caNCIA DO DIRET\u00d3RIO DO PSDB EM ITAPETINGA"},"content":{"rendered":"<p><a href=\"http:\/\/www.sudoestehoje.com.br\/novoportal\/wp-content\/uploads\/2015\/07\/imbass.jpg\"><img loading=\"lazy\" decoding=\"async\" class=\"aligncenter size-medium wp-image-50530\" src=\"http:\/\/www.sudoestehoje.com.br\/novoportal\/wp-content\/uploads\/2015\/07\/imbass-500x300.jpg\" alt=\"imbass\" width=\"500\" height=\"300\" srcset=\"https:\/\/www.sudoestehoje.com.br\/novoportal\/wp-content\/uploads\/2015\/07\/imbass-500x300.jpg 500w, https:\/\/www.sudoestehoje.com.br\/novoportal\/wp-content\/uploads\/2015\/07\/imbass-700x420.jpg 700w, https:\/\/www.sudoestehoje.com.br\/novoportal\/wp-content\/uploads\/2015\/07\/imbass-150x90.jpg 150w, https:\/\/www.sudoestehoje.com.br\/novoportal\/wp-content\/uploads\/2015\/07\/imbass.jpg 960w\" sizes=\"auto, (max-width: 500px) 100vw, 500px\" \/><\/a><\/p>\n<p>Com a presen\u00e7a do deputado federal Ant\u00f4nio Imbassahy, o m\u00e9dico oftalmologista, Dr. Jivago Queiroz, assumiu, nesta sexta-feira (10), a dire\u00e7\u00e3o do PSDB em Itapetinga, numa reuni\u00e3o informal , que contou com a participa\u00e7\u00e3o de v\u00e1rias lideran\u00e7as locais e membros da imprensa, como Edilson e Adriane Lima, Davi Ferraz, Jos\u00e9 Elias Ribeiro e Tarug\u00e3o Barreira.<\/p>\n<p><a href=\"http:\/\/www.sudoestehoje.com.br\/novoportal\/wp-content\/uploads\/2015\/07\/imbass-1.jpg\"><img loading=\"lazy\" decoding=\"async\" class=\"aligncenter size-medium wp-image-50531\" src=\"http:\/\/www.sudoestehoje.com.br\/novoportal\/wp-content\/uploads\/2015\/07\/imbass-1-500x300.jpg\" alt=\"imbass 1\" width=\"500\" height=\"300\" srcset=\"https:\/\/www.sudoestehoje.com.br\/novoportal\/wp-content\/uploads\/2015\/07\/imbass-1-500x300.jpg 500w, https:\/\/www.sudoestehoje.com.br\/novoportal\/wp-content\/uploads\/2015\/07\/imbass-1-700x420.jpg 700w, https:\/\/www.sudoestehoje.com.br\/novoportal\/wp-content\/uploads\/2015\/07\/imbass-1-150x90.jpg 150w, https:\/\/www.sudoestehoje.com.br\/novoportal\/wp-content\/uploads\/2015\/07\/imbass-1.jpg 960w\" sizes=\"auto, (max-width: 500px) 100vw, 500px\" \/><\/a><\/p>\n<p>Juntamente com Dr. Jivago, filiaram-se e assumiram a dire\u00e7\u00e3o do partido, membros do movimento Pr\u00f3 Cidadania, como Adriano Alc\u00e2ntara, Marcelo Ferraz, Dr. Domingos Correia, Elias do Pitty, Cl\u00e9ber Rezende, dentre outros, que prometem se mobilizar para reerguer a legenda no munic\u00edpio, j\u00e1 com vistas \u00e0 pr\u00f3xima elei\u00e7\u00e3o, quando dever\u00e1 lan\u00e7ar candidaturas a vereador e, possivelmente, a prefeito. O presidente da C\u00e2mara Municipal de Salvador, vereador Paulo C\u00e2mara, tamb\u00e9m participou do encontro, acompanhando o deputado Imbassahy.<\/p>\n<p><a href=\"http:\/\/www.sudoestehoje.com.br\/novoportal\/wp-content\/uploads\/2015\/07\/imbass-2.jpg\"><img loading=\"lazy\" decoding=\"async\" class=\"aligncenter size-medium wp-image-50532\" src=\"http:\/\/www.sudoestehoje.com.br\/novoportal\/wp-content\/uploads\/2015\/07\/imbass-2-500x300.jpg\" alt=\"imbass 2\" width=\"500\" height=\"300\" srcset=\"https:\/\/www.sudoestehoje.com.br\/novoportal\/wp-content\/uploads\/2015\/07\/imbass-2-500x300.jpg 500w, https:\/\/www.sudoestehoje.com.br\/novoportal\/wp-content\/uploads\/2015\/07\/imbass-2-700x420.jpg 700w, https:\/\/www.sudoestehoje.com.br\/novoportal\/wp-content\/uploads\/2015\/07\/imbass-2-150x90.jpg 150w, https:\/\/www.sudoestehoje.com.br\/novoportal\/wp-content\/uploads\/2015\/07\/imbass-2.jpg 960w\" sizes=\"auto, (max-width: 500px) 100vw, 500px\" \/><\/a><\/p>\n<p>Em r\u00e1pido discurso, o deputado Ant\u00f4nio Imbassahy lembrou da import\u00e2ncia do PSDB participar de uma frente de oposi\u00e7\u00e3o em Itapetinga, em busca de um nome de consenso juntamente do o DEM e PMDB, para mudar os rumos do munic\u00edpio, que nos \u00faltimos anos\u00a0vem sendo muito mal administrado pelo PT.<\/p>\n<p><a href=\"http:\/\/www.sudoestehoje.com.br\/novoportal\/wp-content\/uploads\/2015\/07\/imbass-3.jpg\"><img loading=\"lazy\" decoding=\"async\" class=\"aligncenter size-medium wp-image-50533\" src=\"http:\/\/www.sudoestehoje.com.br\/novoportal\/wp-content\/uploads\/2015\/07\/imbass-3-500x300.jpg\" alt=\"imbass 3\" width=\"500\" height=\"300\" srcset=\"https:\/\/www.sudoestehoje.com.br\/novoportal\/wp-content\/uploads\/2015\/07\/imbass-3-500x300.jpg 500w, https:\/\/www.sudoestehoje.com.br\/novoportal\/wp-content\/uploads\/2015\/07\/imbass-3-700x420.jpg 700w, https:\/\/www.sudoestehoje.com.br\/novoportal\/wp-content\/uploads\/2015\/07\/imbass-3-150x90.jpg 150w, https:\/\/www.sudoestehoje.com.br\/novoportal\/wp-content\/uploads\/2015\/07\/imbass-3.jpg 960w\" sizes=\"auto, (max-width: 500px) 100vw, 500px\" \/><\/a><\/p>\n<p>Antes da reuni\u00e3o, entretanto, Imbassahy, Jivago e Adriano Alc\u00e2ntara fizeram visitas de cortesia aos l\u00edderes pol\u00edticos locais, Michel Hagge e Dr. Jos\u00e9 Ot\u00e1vio, para discutir a sucess\u00e3o municipal e uma poss\u00edvel uni\u00e3o entre todos os partidos de oposi\u00e7\u00e3o. Neste s\u00e1bado pela manh\u00e3, o deputado concedeu entrevistas a algumas emissoras de r\u00e1dio lacais.<\/p>\n<p><strong><em>Por Davi Ferraz<\/em><\/strong><\/p>\n<p><img loading=\"lazy\" decoding=\"async\" class=\" aligncenter\" src=\"http:\/\/2.bp.blogspot.com\/-70-eOs__L20\/VPCyusPhXRI\/AAAAAAAACAQ\/KHorKekdACs\/s640\/tarug%C3%A3o1.jpg\" alt=\"\" width=\"501\" height=\"141\" \/><\/p>\n","protected":false},"excerpt":{"rendered":"<p>Com a presen\u00e7a do deputado federal Ant\u00f4nio Imbassahy, o m\u00e9dico oftalmologista, Dr. Jivago Queiroz, assumiu, nesta sexta-feira (10), a dire\u00e7\u00e3o do PSDB em Itapetinga, numa reuni\u00e3o informal , que contou com a participa\u00e7\u00e3o de v\u00e1rias lideran\u00e7as locais e membros da imprensa, como Edilson e Adriane Lima, Davi Ferraz, Jos\u00e9 Elias Ribeiro e Tarug\u00e3o Barreira. Juntamente [&hellip;]<\/p>\n","protected":false},"author":2,"featured_media":0,"comment_status":"open","ping_status":"open","sticky":false,"template":"","format":"standard","meta":{"footnotes":"","_links_to":"","_links_to_target":""},"categories":[1],"tags":[],"class_list":["post-50529","post","type-post","status-publish","format-standard","hentry","category-geral"],"views":2373,"_links":{"self":[{"href":"https:\/\/www.sudoestehoje.com.br\/novoportal\/wp-json\/wp\/v2\/posts\/50529","targetHints":{"allow":["GET"]}}],"collection":[{"href":"https:\/\/www.sudoestehoje.com.br\/novoportal\/wp-json\/wp\/v2\/posts"}],"about":[{"href":"https:\/\/www.sudoestehoje.com.br\/novoportal\/wp-json\/wp\/v2\/types\/post"}],"author":[{"embeddable":true,"href":"https:\/\/www.sudoestehoje.com.br\/novoportal\/wp-json\/wp\/v2\/users\/2"}],"replies":[{"embeddable":true,"href":"https:\/\/www.sudoestehoje.com.br\/novoportal\/wp-json\/wp\/v2\/comments?post=50529"}],"version-history":[{"count":7,"href":"https:\/\/www.sudoestehoje.com.br\/novoportal\/wp-json\/wp\/v2\/posts\/50529\/revisions"}],"predecessor-version":[{"id":50545,"href":"https:\/\/www.sudoestehoje.com.br\/novoportal\/wp-json\/wp\/v2\/posts\/50529\/revisions\/50545"}],"wp:attachment":[{"href":"https:\/\/www.sudoestehoje.com.br\/novoportal\/wp-json\/wp\/v2\/media?parent=50529"}],"wp:term":[{"taxonomy":"category","embeddable":true,"href":"https:\/\/www.sudoestehoje.com.br\/novoportal\/wp-json\/wp\/v2\/categories?post=50529"},{"taxonomy":"post_tag","embeddable":true,"href":"https:\/\/www.sudoestehoje.com.br\/novoportal\/wp-json\/wp\/v2\/tags?post=50529"}],"curies":[{"name":"wp","href":"https:\/\/api.w.org\/{rel}","templated":true}]}}