
{"id":50465,"date":"2015-07-08T22:52:56","date_gmt":"2015-07-09T01:52:56","guid":{"rendered":"http:\/\/www.sudoestehoje.com.br\/novoportal\/?p=50465"},"modified":"2015-07-08T22:52:28","modified_gmt":"2015-07-09T01:52:28","slug":"itapetinga-prefeito-foge-de-audiencia-no-forum-e-deixa-juiza-irritada","status":"publish","type":"post","link":"https:\/\/www.sudoestehoje.com.br\/novoportal\/2015\/07\/08\/itapetinga-prefeito-foge-de-audiencia-no-forum-e-deixa-juiza-irritada\/","title":{"rendered":"ITAPETINGA: PREFEITO FOGE DE AUDI\u00caNCIA NO FORUM E DEIXA JU\u00cdZA IRRITADA"},"content":{"rendered":"<div id=\"attachment_50466\" style=\"width: 510px\" class=\"wp-caption aligncenter\"><a href=\"http:\/\/www.sudoestehoje.com.br\/novoportal\/wp-content\/uploads\/2015\/07\/m\u00e3o-branca-z\u00e9-reinan-e-z-\u00e9-carlos.jpg\"><img loading=\"lazy\" decoding=\"async\" aria-describedby=\"caption-attachment-50466\" class=\"size-medium wp-image-50466\" src=\"http:\/\/www.sudoestehoje.com.br\/novoportal\/wp-content\/uploads\/2015\/07\/m\u00e3o-branca-z\u00e9-reinan-e-z-\u00e9-carlos-500x281.jpg\" alt=\"Prefeito de Itapetinga demonstrou ter sa\u00fade de ferro para curtir todos os forr\u00f3s neste S\u00e3o Jo\u00e3o, mas alegou doen\u00e7a misteriosa para n\u00e3o comparecer ao f\u00f3rum, para audi\u00eancia em que \u00e9 r\u00e9u.\" width=\"500\" height=\"281\" srcset=\"https:\/\/www.sudoestehoje.com.br\/novoportal\/wp-content\/uploads\/2015\/07\/m\u00e3o-branca-z\u00e9-reinan-e-z-\u00e9-carlos-500x281.jpg 500w, https:\/\/www.sudoestehoje.com.br\/novoportal\/wp-content\/uploads\/2015\/07\/m\u00e3o-branca-z\u00e9-reinan-e-z-\u00e9-carlos-150x84.jpg 150w, https:\/\/www.sudoestehoje.com.br\/novoportal\/wp-content\/uploads\/2015\/07\/m\u00e3o-branca-z\u00e9-reinan-e-z-\u00e9-carlos.jpg 640w\" sizes=\"auto, (max-width: 500px) 100vw, 500px\" \/><\/a><p id=\"caption-attachment-50466\" class=\"wp-caption-text\">Prefeito de Itapetinga demonstrou ter sa\u00fade de ferro para curtir todos os forr\u00f3s neste S\u00e3o Jo\u00e3o, mas alegou doen\u00e7a misteriosa para n\u00e3o comparecer ao f\u00f3rum, para audi\u00eancia em que \u00e9 r\u00e9u.<\/p><\/div>\n<p>Uma audi\u00eancia judicial que deveria acontecer na manh\u00e3 desta ter\u00e7a-feira, no f\u00f3rum de Itapetinga, referente a um dos processos em que o prefeito Jos\u00e9 Carlos Moura figura como r\u00e9u, no complicado caso da Bernardo Vidal, n\u00e3o foi realizada em decorr\u00eancia de uma manobra protelat\u00f3ria dos defensores do prefeito, que juntaram atestado m\u00e9dico fajuto aos autos, alegando que Z\u00e9 Carlos estaria doente e, portanto, sem condi\u00e7\u00f5es de comparecer \u00e0 justi\u00e7a.<\/p>\n<p>Ao abrir a audi\u00eancia, a magistrada que atua no caso notou a aus\u00eancia do r\u00e9u e de seus advogados, o que a deixou bastante irritada, ao perceber que se tratava apenas de uma jogada da defesa, cujo objetivo era postergar o processo e ganhar mais tempo, na expectativa de que o prefeito n\u00e3o sofra nenhuma puni\u00e7\u00e3o no caso.<\/p>\n<p>Com as testemunhas de defesa presentes, dentre elas os servidores Julio Rosa e a secret\u00e1ria de gabinete de prenome Corina, a ju\u00edza insistiu na realiza\u00e7\u00e3o da audi\u00eancia, que s\u00f3 n\u00e3o aconteceu porque os advogados de Z\u00e9 Carlos tamb\u00e9m n\u00e3o compareceram.<\/p>\n<p>Foi o maior vexame, com a ju\u00edza passando um serm\u00e3o nas testemunhas, que correram atr\u00e1s de um advogado inexperiente da prefeitura, mas que tamb\u00e9m n\u00e3o serviu, por n\u00e3o possuir procura\u00e7\u00e3o nos autos e n\u00e3o ter sido substabelecido. Isto levou a magistrada a remarcar a audi\u00eancia para a pr\u00f3xima ter\u00e7a (14), onde Z\u00e9 Carlos ter\u00e1 que comparecer ao f\u00f3rum, mesmo que seja &#8216;debaixo de vara&#8217;.<\/p>\n<p>Z\u00e9 Carlos, que se escondeu na fazenda desde a \u00faltima sexta-feira, para n\u00e3o ir \u00e0 audi\u00eancia, j\u00e1 retornou a Itapetinga, alegre e sorridente, sem nenhum sintoma da suposta &#8216;doen\u00e7a&#8217; atestada pelos m\u00e9dicos que o acompanham.<\/p>\n<p><strong><em>Por Davi Ferraz<\/em><\/strong><\/p>\n<p><img decoding=\"async\" class=\"aligncenter\" src=\"http:\/\/www.sudoestehoje.com.br\/novoportal\/wp-content\/uploads\/2015\/02\/NOVO-BANNER-COOLEITE-500x250.jpg\" alt=\"NOVO BANNER COOLEITE\" \/><\/p>\n","protected":false},"excerpt":{"rendered":"<p>Uma audi\u00eancia judicial que deveria acontecer na manh\u00e3 desta ter\u00e7a-feira, no f\u00f3rum de Itapetinga, referente a um dos processos em que o prefeito Jos\u00e9 Carlos Moura figura como r\u00e9u, no complicado caso da Bernardo Vidal, n\u00e3o foi realizada em decorr\u00eancia de uma manobra protelat\u00f3ria dos defensores do prefeito, que juntaram atestado m\u00e9dico fajuto aos autos, [&hellip;]<\/p>\n","protected":false},"author":2,"featured_media":0,"comment_status":"open","ping_status":"open","sticky":false,"template":"","format":"standard","meta":{"footnotes":"","_links_to":"","_links_to_target":""},"categories":[1],"tags":[],"class_list":["post-50465","post","type-post","status-publish","format-standard","hentry","category-geral"],"views":5141,"_links":{"self":[{"href":"https:\/\/www.sudoestehoje.com.br\/novoportal\/wp-json\/wp\/v2\/posts\/50465","targetHints":{"allow":["GET"]}}],"collection":[{"href":"https:\/\/www.sudoestehoje.com.br\/novoportal\/wp-json\/wp\/v2\/posts"}],"about":[{"href":"https:\/\/www.sudoestehoje.com.br\/novoportal\/wp-json\/wp\/v2\/types\/post"}],"author":[{"embeddable":true,"href":"https:\/\/www.sudoestehoje.com.br\/novoportal\/wp-json\/wp\/v2\/users\/2"}],"replies":[{"embeddable":true,"href":"https:\/\/www.sudoestehoje.com.br\/novoportal\/wp-json\/wp\/v2\/comments?post=50465"}],"version-history":[{"count":3,"href":"https:\/\/www.sudoestehoje.com.br\/novoportal\/wp-json\/wp\/v2\/posts\/50465\/revisions"}],"predecessor-version":[{"id":50469,"href":"https:\/\/www.sudoestehoje.com.br\/novoportal\/wp-json\/wp\/v2\/posts\/50465\/revisions\/50469"}],"wp:attachment":[{"href":"https:\/\/www.sudoestehoje.com.br\/novoportal\/wp-json\/wp\/v2\/media?parent=50465"}],"wp:term":[{"taxonomy":"category","embeddable":true,"href":"https:\/\/www.sudoestehoje.com.br\/novoportal\/wp-json\/wp\/v2\/categories?post=50465"},{"taxonomy":"post_tag","embeddable":true,"href":"https:\/\/www.sudoestehoje.com.br\/novoportal\/wp-json\/wp\/v2\/tags?post=50465"}],"curies":[{"name":"wp","href":"https:\/\/api.w.org\/{rel}","templated":true}]}}