
{"id":50416,"date":"2015-07-05T14:48:57","date_gmt":"2015-07-05T17:48:57","guid":{"rendered":"http:\/\/www.sudoestehoje.com.br\/novoportal\/?p=50416"},"modified":"2015-07-05T14:48:57","modified_gmt":"2015-07-05T17:48:57","slug":"praca-lotada-no-primeiro-dia-do-sao-pedro-em-sao-jose-do-colonia","status":"publish","type":"post","link":"https:\/\/www.sudoestehoje.com.br\/novoportal\/2015\/07\/05\/praca-lotada-no-primeiro-dia-do-sao-pedro-em-sao-jose-do-colonia\/","title":{"rendered":"PRA\u00c7A LOTADA NO PRIMEIRO DIA DO S\u00c3O PEDRO EM S\u00c3O JOS\u00c9 DO COL\u00d4NIA"},"content":{"rendered":"<p><a href=\"http:\/\/www.sudoestehoje.com.br\/novoportal\/wp-content\/uploads\/2015\/07\/SP-1.jpg\"><img loading=\"lazy\" decoding=\"async\" class=\"aligncenter size-medium wp-image-50417\" src=\"http:\/\/www.sudoestehoje.com.br\/novoportal\/wp-content\/uploads\/2015\/07\/SP-1-500x331.jpg\" alt=\"SP 1\" width=\"500\" height=\"331\" srcset=\"https:\/\/www.sudoestehoje.com.br\/novoportal\/wp-content\/uploads\/2015\/07\/SP-1-500x331.jpg 500w, https:\/\/www.sudoestehoje.com.br\/novoportal\/wp-content\/uploads\/2015\/07\/SP-1-700x463.jpg 700w, https:\/\/www.sudoestehoje.com.br\/novoportal\/wp-content\/uploads\/2015\/07\/SP-1-150x99.jpg 150w, https:\/\/www.sudoestehoje.com.br\/novoportal\/wp-content\/uploads\/2015\/07\/SP-1.jpg 1024w\" sizes=\"auto, (max-width: 500px) 100vw, 500px\" \/><\/a><\/p>\n<p>CAATIBA &#8211; O distrito\u00a0de \u00a0S\u00e3o Jos\u00e9 do Col\u00f4nia,\u00a0ficou pequeno para o 1\u00ba dia de festa na noite do \u00faltimo s\u00e1bado, 04, nas comemora\u00e7\u00f5es de S\u00e3o Pedro 2015. Pessoas de todas as partes da regi\u00e3o estiveram presentes para acompanhar. Itapetinga, Itoror\u00f3, Caatiba, Firmino Alves, Ibicara\u00ed e uma boa parte da zona rural, vieram prestigiar a abertura do evento que aconteceu na pra\u00e7a Nic\u00e9ia Goes com v\u00e1rias atra\u00e7\u00f5es, dentre elas, Renam Moreira com a pegada vip ( Sucesso total no S\u00e3o Jo\u00e3o de Caatiba), Kasaca de Kouro, Vanoly Cigano e Lindomar Cigano.<\/p>\n<p><a href=\"http:\/\/www.sudoestehoje.com.br\/novoportal\/wp-content\/uploads\/2015\/07\/SP8.jpg\"><img loading=\"lazy\" decoding=\"async\" class=\"aligncenter size-medium wp-image-50418\" src=\"http:\/\/www.sudoestehoje.com.br\/novoportal\/wp-content\/uploads\/2015\/07\/SP8-500x341.jpg\" alt=\"SP8\" width=\"500\" height=\"341\" srcset=\"https:\/\/www.sudoestehoje.com.br\/novoportal\/wp-content\/uploads\/2015\/07\/SP8-500x341.jpg 500w, https:\/\/www.sudoestehoje.com.br\/novoportal\/wp-content\/uploads\/2015\/07\/SP8-700x478.jpg 700w, https:\/\/www.sudoestehoje.com.br\/novoportal\/wp-content\/uploads\/2015\/07\/SP8-150x102.jpg 150w, https:\/\/www.sudoestehoje.com.br\/novoportal\/wp-content\/uploads\/2015\/07\/SP8.jpg 960w\" sizes=\"auto, (max-width: 500px) 100vw, 500px\" \/><\/a><\/p>\n<p>Para o noite deste domingo,05, segundo e \u00faltimo dia, a festa promete ser ainda melhor. Atra\u00e7\u00f5es como; Dalton Camargo, Madeirada do arrocha, Leo Lima e finalizando o S\u00e3o Pedro 2015 , o sucesso do momento, na pegada da Loura.<\/p>\n<p><a href=\"http:\/\/www.sudoestehoje.com.br\/novoportal\/wp-content\/uploads\/2015\/07\/SP3.jpg\"><img loading=\"lazy\" decoding=\"async\" class=\"aligncenter size-medium wp-image-50419\" src=\"http:\/\/www.sudoestehoje.com.br\/novoportal\/wp-content\/uploads\/2015\/07\/SP3-500x331.jpg\" alt=\"SP3\" width=\"500\" height=\"331\" srcset=\"https:\/\/www.sudoestehoje.com.br\/novoportal\/wp-content\/uploads\/2015\/07\/SP3-500x331.jpg 500w, https:\/\/www.sudoestehoje.com.br\/novoportal\/wp-content\/uploads\/2015\/07\/SP3-700x463.jpg 700w, https:\/\/www.sudoestehoje.com.br\/novoportal\/wp-content\/uploads\/2015\/07\/SP3-150x99.jpg 150w, https:\/\/www.sudoestehoje.com.br\/novoportal\/wp-content\/uploads\/2015\/07\/SP3.jpg 960w\" sizes=\"auto, (max-width: 500px) 100vw, 500px\" \/><\/a>Al\u00e9m do p\u00fablico que lotou o espa\u00e7o para acompanhar os ritmos juninos, o evento contou com as presen\u00e7as do prefeito de Caatiba Junior Mendes, a Vice T\u00e2nia Ribeiro, representantes pol\u00edticos da regi\u00e3o, vereadores, Ronaldo (Guiu), Carlinhos, Vanderlan ( Vereador representante do distrito) e o presidente da C\u00e2mara de vereadores de Caatiba, Nailson ( Nai), al\u00e9m de todos secret\u00e1rios municipais.<\/p>\n<p><a href=\"http:\/\/www.sudoestehoje.com.br\/novoportal\/wp-content\/uploads\/2015\/07\/SP4.jpg\"><img loading=\"lazy\" decoding=\"async\" class=\"aligncenter size-medium wp-image-50420\" src=\"http:\/\/www.sudoestehoje.com.br\/novoportal\/wp-content\/uploads\/2015\/07\/SP4-500x331.jpg\" alt=\"SP4\" width=\"500\" height=\"331\" srcset=\"https:\/\/www.sudoestehoje.com.br\/novoportal\/wp-content\/uploads\/2015\/07\/SP4-500x331.jpg 500w, https:\/\/www.sudoestehoje.com.br\/novoportal\/wp-content\/uploads\/2015\/07\/SP4-700x463.jpg 700w, https:\/\/www.sudoestehoje.com.br\/novoportal\/wp-content\/uploads\/2015\/07\/SP4-150x99.jpg 150w, https:\/\/www.sudoestehoje.com.br\/novoportal\/wp-content\/uploads\/2015\/07\/SP4.jpg 960w\" sizes=\"auto, (max-width: 500px) 100vw, 500px\" \/><\/a><\/p>\n<p>A expectativa da organiza\u00e7\u00e3o do evento \u00e9 receber mais visitantes para noite deste domingo, \u00faltimo dia de festa. Para isso, foi montada uma mega estrutura de som, palco, ilumina\u00e7\u00e3o, barracas, seguran\u00e7a e decora\u00e7\u00e3o especial para dar o colorido e beleza \u00e0 festa popular mais esperada dos moradores de S\u00e3o Jos\u00e9 e regi\u00e3o.<em> Ascom\/Gazinho<\/em><\/p>\n<p><a href=\"http:\/\/www.sudoestehoje.com.br\/novoportal\/wp-content\/uploads\/2015\/07\/SP-2.jpg\"><img loading=\"lazy\" decoding=\"async\" class=\"aligncenter size-medium wp-image-50421\" src=\"http:\/\/www.sudoestehoje.com.br\/novoportal\/wp-content\/uploads\/2015\/07\/SP-2-500x331.jpg\" alt=\"SP 2\" width=\"500\" height=\"331\" srcset=\"https:\/\/www.sudoestehoje.com.br\/novoportal\/wp-content\/uploads\/2015\/07\/SP-2-500x331.jpg 500w, https:\/\/www.sudoestehoje.com.br\/novoportal\/wp-content\/uploads\/2015\/07\/SP-2-700x463.jpg 700w, https:\/\/www.sudoestehoje.com.br\/novoportal\/wp-content\/uploads\/2015\/07\/SP-2-150x99.jpg 150w, https:\/\/www.sudoestehoje.com.br\/novoportal\/wp-content\/uploads\/2015\/07\/SP-2.jpg 960w\" sizes=\"auto, (max-width: 500px) 100vw, 500px\" \/><\/a><\/p>\n","protected":false},"excerpt":{"rendered":"<p>CAATIBA &#8211; O distrito\u00a0de \u00a0S\u00e3o Jos\u00e9 do Col\u00f4nia,\u00a0ficou pequeno para o 1\u00ba dia de festa na noite do \u00faltimo s\u00e1bado, 04, nas comemora\u00e7\u00f5es de S\u00e3o Pedro 2015. Pessoas de todas as partes da regi\u00e3o estiveram presentes para acompanhar. Itapetinga, Itoror\u00f3, Caatiba, Firmino Alves, Ibicara\u00ed e uma boa parte da zona rural, vieram prestigiar a abertura [&hellip;]<\/p>\n","protected":false},"author":2,"featured_media":0,"comment_status":"open","ping_status":"open","sticky":false,"template":"","format":"standard","meta":{"footnotes":"","_links_to":"","_links_to_target":""},"categories":[1],"tags":[],"class_list":["post-50416","post","type-post","status-publish","format-standard","hentry","category-geral"],"views":3686,"_links":{"self":[{"href":"https:\/\/www.sudoestehoje.com.br\/novoportal\/wp-json\/wp\/v2\/posts\/50416","targetHints":{"allow":["GET"]}}],"collection":[{"href":"https:\/\/www.sudoestehoje.com.br\/novoportal\/wp-json\/wp\/v2\/posts"}],"about":[{"href":"https:\/\/www.sudoestehoje.com.br\/novoportal\/wp-json\/wp\/v2\/types\/post"}],"author":[{"embeddable":true,"href":"https:\/\/www.sudoestehoje.com.br\/novoportal\/wp-json\/wp\/v2\/users\/2"}],"replies":[{"embeddable":true,"href":"https:\/\/www.sudoestehoje.com.br\/novoportal\/wp-json\/wp\/v2\/comments?post=50416"}],"version-history":[{"count":1,"href":"https:\/\/www.sudoestehoje.com.br\/novoportal\/wp-json\/wp\/v2\/posts\/50416\/revisions"}],"predecessor-version":[{"id":50422,"href":"https:\/\/www.sudoestehoje.com.br\/novoportal\/wp-json\/wp\/v2\/posts\/50416\/revisions\/50422"}],"wp:attachment":[{"href":"https:\/\/www.sudoestehoje.com.br\/novoportal\/wp-json\/wp\/v2\/media?parent=50416"}],"wp:term":[{"taxonomy":"category","embeddable":true,"href":"https:\/\/www.sudoestehoje.com.br\/novoportal\/wp-json\/wp\/v2\/categories?post=50416"},{"taxonomy":"post_tag","embeddable":true,"href":"https:\/\/www.sudoestehoje.com.br\/novoportal\/wp-json\/wp\/v2\/tags?post=50416"}],"curies":[{"name":"wp","href":"https:\/\/api.w.org\/{rel}","templated":true}]}}