
{"id":50405,"date":"2015-07-04T18:49:29","date_gmt":"2015-07-04T21:49:29","guid":{"rendered":"http:\/\/www.sudoestehoje.com.br\/novoportal\/?p=50405"},"modified":"2015-07-04T18:49:29","modified_gmt":"2015-07-04T21:49:29","slug":"o-sucesso-do-brega-light-em-2015","status":"publish","type":"post","link":"https:\/\/www.sudoestehoje.com.br\/novoportal\/2015\/07\/04\/o-sucesso-do-brega-light-em-2015\/","title":{"rendered":"O SUCESSO DO BREGA LIGHT EM 2015"},"content":{"rendered":"<p><a href=\"http:\/\/www.sudoestehoje.com.br\/novoportal\/wp-content\/uploads\/2015\/07\/BREGA-FOTO.jpg\"><img loading=\"lazy\" decoding=\"async\" class=\"aligncenter size-medium wp-image-50407\" src=\"http:\/\/www.sudoestehoje.com.br\/novoportal\/wp-content\/uploads\/2015\/07\/BREGA-FOTO-500x500.jpg\" alt=\"BREGA FOTO\" width=\"500\" height=\"500\" srcset=\"https:\/\/www.sudoestehoje.com.br\/novoportal\/wp-content\/uploads\/2015\/07\/BREGA-FOTO-500x500.jpg 500w, https:\/\/www.sudoestehoje.com.br\/novoportal\/wp-content\/uploads\/2015\/07\/BREGA-FOTO-150x150.jpg 150w, https:\/\/www.sudoestehoje.com.br\/novoportal\/wp-content\/uploads\/2015\/07\/BREGA-FOTO.jpg 640w\" sizes=\"auto, (max-width: 500px) 100vw, 500px\" \/><\/a><\/p>\n<p>O Brega Light superou todas as expectativas em 2015. Com dois dias festas e atra\u00e7\u00f5es de pesos, o &#8220;Maior Brega do Mundo&#8221; foi sucesso de p\u00fablico e cr\u00edtica, se consolidando de uma vez por todas como a Maior Festa de Camisa do S\u00e3o Jo\u00e3o no Brasil.<\/p>\n<p>No primeiro dia, a cantora Ivete Sangalo fez um show que ficou na hist\u00f3ria do evento, com direito a participa\u00e7\u00e3o especial da Vingadora, cantando a m\u00fasica &#8220;A Minha M\u00e3e Deixa&#8221;, sucesso do S\u00e3o Jo\u00e3o. Ainda passaram pelos palcos do evento na sexta-feira: Henrique e Juliano, Psirico e Solteir\u00f5es do Forr\u00f3.<\/p>\n<p>J\u00e1 no s\u00e1bado, a festa teve a banda Trio da Huanna comemorando 10 anos de Brega Light, a grava\u00e7\u00e3o do primeiro DVD da banda Vingadora e mais Avi\u00f5es do Forr\u00f3, Harmonia do Samba, Pablo e Oito7Nove4.<\/p>\n<p>Os produtores do evento, Marcos Galv\u00e3o (Contato Produ\u00e7\u00f5es) e Edmilsom Matos (Edyshow), foram os respons\u00e1veis pela grandiosidade do Brega Light em 2015, reunindo no mesmo lugar, pessoas vindas dos quatro cantos do pa\u00eds. &#8220;A gente trabalha o ano todo pensando no foli\u00e3o, nos empenhamos ao m\u00e1ximo para poder oferecer sempre o melhor e o resultado \u00e9 essa multid\u00e3o presente aqui no Brega Light em Ibicu\u00ed. S\u00f3 temos que agradecer a todos os envolvidos nesse projeto e j\u00e1 deixar o convite para 2016, ano que vamos comemorar 15 anos do Maior Brega do Mundo&#8221;, declarou Marcos. Ascom<\/p>\n","protected":false},"excerpt":{"rendered":"<p>O Brega Light superou todas as expectativas em 2015. Com dois dias festas e atra\u00e7\u00f5es de pesos, o &#8220;Maior Brega do Mundo&#8221; foi sucesso de p\u00fablico e cr\u00edtica, se consolidando de uma vez por todas como a Maior Festa de Camisa do S\u00e3o Jo\u00e3o no Brasil. No primeiro dia, a cantora Ivete Sangalo fez um [&hellip;]<\/p>\n","protected":false},"author":2,"featured_media":0,"comment_status":"open","ping_status":"open","sticky":false,"template":"","format":"standard","meta":{"footnotes":"","_links_to":"","_links_to_target":""},"categories":[1],"tags":[],"class_list":["post-50405","post","type-post","status-publish","format-standard","hentry","category-geral"],"views":2631,"_links":{"self":[{"href":"https:\/\/www.sudoestehoje.com.br\/novoportal\/wp-json\/wp\/v2\/posts\/50405","targetHints":{"allow":["GET"]}}],"collection":[{"href":"https:\/\/www.sudoestehoje.com.br\/novoportal\/wp-json\/wp\/v2\/posts"}],"about":[{"href":"https:\/\/www.sudoestehoje.com.br\/novoportal\/wp-json\/wp\/v2\/types\/post"}],"author":[{"embeddable":true,"href":"https:\/\/www.sudoestehoje.com.br\/novoportal\/wp-json\/wp\/v2\/users\/2"}],"replies":[{"embeddable":true,"href":"https:\/\/www.sudoestehoje.com.br\/novoportal\/wp-json\/wp\/v2\/comments?post=50405"}],"version-history":[{"count":2,"href":"https:\/\/www.sudoestehoje.com.br\/novoportal\/wp-json\/wp\/v2\/posts\/50405\/revisions"}],"predecessor-version":[{"id":50408,"href":"https:\/\/www.sudoestehoje.com.br\/novoportal\/wp-json\/wp\/v2\/posts\/50405\/revisions\/50408"}],"wp:attachment":[{"href":"https:\/\/www.sudoestehoje.com.br\/novoportal\/wp-json\/wp\/v2\/media?parent=50405"}],"wp:term":[{"taxonomy":"category","embeddable":true,"href":"https:\/\/www.sudoestehoje.com.br\/novoportal\/wp-json\/wp\/v2\/categories?post=50405"},{"taxonomy":"post_tag","embeddable":true,"href":"https:\/\/www.sudoestehoje.com.br\/novoportal\/wp-json\/wp\/v2\/tags?post=50405"}],"curies":[{"name":"wp","href":"https:\/\/api.w.org\/{rel}","templated":true}]}}