
{"id":504,"date":"2010-09-22T16:20:56","date_gmt":"2010-09-22T19:20:56","guid":{"rendered":"http:\/\/sudoestehoje.tempsite.ws\/novoportal\/?p=504"},"modified":"2010-09-22T16:20:56","modified_gmt":"2010-09-22T19:20:56","slug":"curtinhas-2","status":"publish","type":"post","link":"https:\/\/www.sudoestehoje.com.br\/novoportal\/2010\/09\/22\/curtinhas-2\/","title":{"rendered":"Curtinhas"},"content":{"rendered":"<div><strong><span style=\"text-decoration: underline;\">Jo\u00e3o Monte avisou<\/span><\/strong><\/div>\n<div>Apesar  das pessoas falarem que Jo\u00e3o Monte \u00e9 meio\u00a0&#8216;aluado&#8217;, acho que ele\u00a0\u00e9 o  \u00fanico que ainda tem os p\u00e9s no ch\u00e3o, nesta fraqu\u00edssima equipe de Z\u00e9  Carlos. Tanto \u00e9 que ele avisou ao prefeito\u00a0e seus 40 &#8216;come-feiras&#8217;, que  uma caminhada\u00a0nas, atuais circunst\u00e2ncias, seria &#8220;suic\u00eddio pol\u00edtico&#8221;. N\u00e3o  quiseram ouvir Jo\u00e3o Doido, deu no que deu.\u00a0Z\u00e9 Carlos precisa aprender  uma coisa: nunca subestime as &#8216;inspira\u00e7\u00f5es&#8217; dos &#8216;malucos beleza&#8217;.<strong><span style=\"text-decoration: underline;\"> <\/p>\n<hr id=\"null\" \/><\/span><\/strong> <strong><span style=\"text-decoration: underline;\">Voto por cacha\u00e7a<\/span><\/strong><\/div>\n<div>O  equivocado\u00a0prefeito de Itapetinga, ainda acha que ganhou as elei\u00e7\u00f5es de  2008\u00a0por m\u00e9rito pr\u00f3prio, sem entender que o que houve foi um desejo de  mudan\u00e7a, que nasceu no seio da pr\u00f3pria sociedade. Hoje, assessorado por  um bando de irrespons\u00e1veis, repete a\u00a0mesma t\u00e1tica de &#8217;empurrar&#8217; bebida  alco\u00f3lica na rapaziada, antes e durante os seus eventos pol\u00edticos, em  troca de votos e participa\u00e7\u00e3o. Invarialvelmente, d\u00e1 no que deu:  motoqueiro b\u00eabado e irrespons\u00e1vel atropelando pessoas. Mais um pecado  que dever\u00e1 ficar na conci\u00eancia de algu\u00e9m&#8230;<span style=\"text-decoration: underline;\"><strong> <\/p>\n<hr id=\"null\" \/><\/strong><\/span> <strong><span style=\"text-decoration: underline;\">Parecia &#8216;arrast\u00e3o&#8217;<\/span><\/strong><\/div>\n<div>O  prefeito Z\u00e9 Carlos juntou toda a sua tralha e foi fazer corpo a corpo  no Clodoaldo Costa. Estavam l\u00e1 os vereadores Romildo, Z\u00e9 Roberto, Nilton  do\u00a0jogo do bicho, Ded\u00e9 &#8216;gente boa&#8217; e Valdeir da &#8216;carteira de  motorista&#8217;. A presen\u00e7a de tanta gente\u00a0&#8216;ilustre&#8217; acabou espantando o  eleitorado, e o que se viu foi gente fechando as portas e as janelas.  Pr\u00e1 variar, tomaram uma merecida vaia e sairam de l\u00e1 &#8216;pianinho&#8217;. \u00eata  elei\u00e7\u00e3o porr\u00eata!<strong><span style=\"text-decoration: underline;\"> <\/p>\n<hr id=\"null\" \/><\/span><\/strong> <strong><span style=\"text-decoration: underline;\">At\u00e9 t\u00fa, tra\u00edra?<\/span><\/strong><\/div>\n<p>O  vice Edilson Lima denunciou em seu programa, na r\u00e1dio Fascina\u00e7\u00e3o, que o  prefeito deu um aperto nos seus famosos &#8216;contratados&#8217;, para que eles  &#8216;entrem na campanha&#8217; dos seus candidatos. Pelo visto, nem mesmo os  apadrinhados do prefeito acreditam em seu projeto pol\u00edtico, pois ele  livrou a cara de 512 contratados, demitidos por ordem da justi\u00e7a, e os  &#8216;tra\u00edras&#8217; entendem que n\u00e3o lhe devem favor nem obedi\u00eancia. Viva a  democracia!<\/p>\n","protected":false},"excerpt":{"rendered":"<p>Jo\u00e3o Monte avisou Apesar das pessoas falarem que Jo\u00e3o Monte \u00e9 meio\u00a0&#8216;aluado&#8217;, acho que ele\u00a0\u00e9 o \u00fanico que ainda tem os p\u00e9s no ch\u00e3o, nesta fraqu\u00edssima equipe de Z\u00e9 Carlos. Tanto \u00e9 que ele avisou ao prefeito\u00a0e seus 40 &#8216;come-feiras&#8217;, que uma caminhada\u00a0nas, atuais circunst\u00e2ncias, seria &#8220;suic\u00eddio pol\u00edtico&#8221;. N\u00e3o quiseram ouvir Jo\u00e3o Doido, deu no [&hellip;]<\/p>\n","protected":false},"author":1,"featured_media":0,"comment_status":"open","ping_status":"open","sticky":false,"template":"","format":"standard","meta":{"footnotes":"","_links_to":"","_links_to_target":""},"categories":[13],"tags":[],"class_list":["post-504","post","type-post","status-publish","format-standard","hentry","category-curtinhas"],"views":1366,"_links":{"self":[{"href":"https:\/\/www.sudoestehoje.com.br\/novoportal\/wp-json\/wp\/v2\/posts\/504","targetHints":{"allow":["GET"]}}],"collection":[{"href":"https:\/\/www.sudoestehoje.com.br\/novoportal\/wp-json\/wp\/v2\/posts"}],"about":[{"href":"https:\/\/www.sudoestehoje.com.br\/novoportal\/wp-json\/wp\/v2\/types\/post"}],"author":[{"embeddable":true,"href":"https:\/\/www.sudoestehoje.com.br\/novoportal\/wp-json\/wp\/v2\/users\/1"}],"replies":[{"embeddable":true,"href":"https:\/\/www.sudoestehoje.com.br\/novoportal\/wp-json\/wp\/v2\/comments?post=504"}],"version-history":[{"count":1,"href":"https:\/\/www.sudoestehoje.com.br\/novoportal\/wp-json\/wp\/v2\/posts\/504\/revisions"}],"predecessor-version":[{"id":505,"href":"https:\/\/www.sudoestehoje.com.br\/novoportal\/wp-json\/wp\/v2\/posts\/504\/revisions\/505"}],"wp:attachment":[{"href":"https:\/\/www.sudoestehoje.com.br\/novoportal\/wp-json\/wp\/v2\/media?parent=504"}],"wp:term":[{"taxonomy":"category","embeddable":true,"href":"https:\/\/www.sudoestehoje.com.br\/novoportal\/wp-json\/wp\/v2\/categories?post=504"},{"taxonomy":"post_tag","embeddable":true,"href":"https:\/\/www.sudoestehoje.com.br\/novoportal\/wp-json\/wp\/v2\/tags?post=504"}],"curies":[{"name":"wp","href":"https:\/\/api.w.org\/{rel}","templated":true}]}}