
{"id":50390,"date":"2015-07-04T00:35:05","date_gmt":"2015-07-04T03:35:05","guid":{"rendered":"http:\/\/www.sudoestehoje.com.br\/novoportal\/?p=50390"},"modified":"2015-07-04T01:34:50","modified_gmt":"2015-07-04T04:34:50","slug":"nomes-para-2016-dr-silvio-macedo","status":"publish","type":"post","link":"https:\/\/www.sudoestehoje.com.br\/novoportal\/2015\/07\/04\/nomes-para-2016-dr-silvio-macedo\/","title":{"rendered":"NOMES PARA 2016 &#8211; DR. SILVIO MACEDO"},"content":{"rendered":"<p><a href=\"http:\/\/www.sudoestehoje.com.br\/novoportal\/wp-content\/uploads\/2015\/07\/Dr.-Silvio-Macedo.jpg\"><img loading=\"lazy\" decoding=\"async\" class=\"aligncenter  wp-image-50391\" src=\"http:\/\/www.sudoestehoje.com.br\/novoportal\/wp-content\/uploads\/2015\/07\/Dr.-Silvio-Macedo.jpg\" alt=\"Dr. Silvio Macedo\" width=\"501\" height=\"325\" srcset=\"https:\/\/www.sudoestehoje.com.br\/novoportal\/wp-content\/uploads\/2015\/07\/Dr.-Silvio-Macedo.jpg 456w, https:\/\/www.sudoestehoje.com.br\/novoportal\/wp-content\/uploads\/2015\/07\/Dr.-Silvio-Macedo-150x97.jpg 150w\" sizes=\"auto, (max-width: 501px) 100vw, 501px\" \/><\/a><\/p>\n<p>O m\u00e9dico cardiologista Dr. Silvio Macedo \u00e9 um dos nomes mais cogitados nos partidos de oposi\u00e7\u00e3o, para encabe\u00e7ar uma chapa majorit\u00e1ria, com vistas ao pleito eleitoral de 2016, pelo PMDB, partido que j\u00e1 chegou a presidir, em Itapetinga.<\/p>\n<p>Em 2008, Dr. Silvio chegou a ser trabalhado pelo seu partido para disputar uma cadeira na C\u00e2mara Municipal, por ser reconhecido como um nome forte e capaz de puxar votos para a legenda, mas preferiu n\u00e3o se candidatar, a pedido de seus familiares.<\/p>\n<p>OS PR\u00d3S<\/p>\n<p>S\u00edlvio Macedo \u00e9 um dos m\u00e9dicos mais conceituados de Itapetinga e regi\u00e3o, gosta de pol\u00edtica e tem um nome limpo. \u00c9 da nova gera\u00e7\u00e3o da pol\u00edtica itapetinguense e pode ser um forte candidato, a depender da base de sustenta\u00e7\u00e3o que se formar em torno do seu nome. Caso venha a ser o candidato escolhido pela coliga\u00e7\u00e3o PMDB\/DEM, contar\u00e1 com a for\u00e7a dos dois maiores l\u00edderes pol\u00edticos de Itapetinga, Dr. Jos\u00e9 Ot\u00e1vio e Michel Hagge.<\/p>\n<p>OS CONTRAS<\/p>\n<p>At\u00e9 por ser um nome novo e nunca ter exercido qualquer cargo eletivo, Dr. Silvio Macedo n\u00e3o tem nenhum fator contr\u00e1rio a uma candidatura a prefeito, ou vice, nas pr\u00f3ximas elei\u00e7\u00f5es. \u00c9 bem visto pela popula\u00e7\u00e3o de Itapetinga e regi\u00e3o, onde exerce a medicina h\u00e1 cerca de 30 anos, com dedica\u00e7\u00e3o e muito sucesso.<\/p>\n<p>\u00c9 um dos melhores nomes a serem discutidos pela oposi\u00e7\u00e3o, na hora da escolha dos seus candidatos.<\/p>\n<p><strong><em>Por Davi Ferraz<\/em><\/strong><\/p>\n<p><img loading=\"lazy\" decoding=\"async\" class=\" aligncenter\" src=\"http:\/\/2.bp.blogspot.com\/-70-eOs__L20\/VPCyusPhXRI\/AAAAAAAACAQ\/KHorKekdACs\/s640\/tarug%C3%A3o1.jpg\" alt=\"\" width=\"501\" height=\"141\" \/><\/p>\n","protected":false},"excerpt":{"rendered":"<p>O m\u00e9dico cardiologista Dr. Silvio Macedo \u00e9 um dos nomes mais cogitados nos partidos de oposi\u00e7\u00e3o, para encabe\u00e7ar uma chapa majorit\u00e1ria, com vistas ao pleito eleitoral de 2016, pelo PMDB, partido que j\u00e1 chegou a presidir, em Itapetinga. Em 2008, Dr. Silvio chegou a ser trabalhado pelo seu partido para disputar uma cadeira na C\u00e2mara [&hellip;]<\/p>\n","protected":false},"author":2,"featured_media":0,"comment_status":"open","ping_status":"open","sticky":false,"template":"","format":"standard","meta":{"footnotes":"","_links_to":"","_links_to_target":""},"categories":[1],"tags":[],"class_list":["post-50390","post","type-post","status-publish","format-standard","hentry","category-geral"],"views":1510,"_links":{"self":[{"href":"https:\/\/www.sudoestehoje.com.br\/novoportal\/wp-json\/wp\/v2\/posts\/50390","targetHints":{"allow":["GET"]}}],"collection":[{"href":"https:\/\/www.sudoestehoje.com.br\/novoportal\/wp-json\/wp\/v2\/posts"}],"about":[{"href":"https:\/\/www.sudoestehoje.com.br\/novoportal\/wp-json\/wp\/v2\/types\/post"}],"author":[{"embeddable":true,"href":"https:\/\/www.sudoestehoje.com.br\/novoportal\/wp-json\/wp\/v2\/users\/2"}],"replies":[{"embeddable":true,"href":"https:\/\/www.sudoestehoje.com.br\/novoportal\/wp-json\/wp\/v2\/comments?post=50390"}],"version-history":[{"count":5,"href":"https:\/\/www.sudoestehoje.com.br\/novoportal\/wp-json\/wp\/v2\/posts\/50390\/revisions"}],"predecessor-version":[{"id":50404,"href":"https:\/\/www.sudoestehoje.com.br\/novoportal\/wp-json\/wp\/v2\/posts\/50390\/revisions\/50404"}],"wp:attachment":[{"href":"https:\/\/www.sudoestehoje.com.br\/novoportal\/wp-json\/wp\/v2\/media?parent=50390"}],"wp:term":[{"taxonomy":"category","embeddable":true,"href":"https:\/\/www.sudoestehoje.com.br\/novoportal\/wp-json\/wp\/v2\/categories?post=50390"},{"taxonomy":"post_tag","embeddable":true,"href":"https:\/\/www.sudoestehoje.com.br\/novoportal\/wp-json\/wp\/v2\/tags?post=50390"}],"curies":[{"name":"wp","href":"https:\/\/api.w.org\/{rel}","templated":true}]}}