
{"id":50321,"date":"2015-07-01T21:16:11","date_gmt":"2015-07-02T00:16:11","guid":{"rendered":"http:\/\/www.sudoestehoje.com.br\/novoportal\/?p=50321"},"modified":"2015-07-02T18:44:42","modified_gmt":"2015-07-02T21:44:42","slug":"vereador-renan-coelho-denuncia-descaso-em-bandeira-do-colonia","status":"publish","type":"post","link":"https:\/\/www.sudoestehoje.com.br\/novoportal\/2015\/07\/01\/vereador-renan-coelho-denuncia-descaso-em-bandeira-do-colonia\/","title":{"rendered":"VEREADOR RENAN COELHO DENUNCIA DESCASO EM BANDEIRA DO COL\u00d4NIA"},"content":{"rendered":"<p><a href=\"http:\/\/www.sudoestehoje.com.br\/novoportal\/wp-content\/uploads\/2015\/07\/lama-1.jpg\"><img loading=\"lazy\" decoding=\"async\" class=\"aligncenter size-medium wp-image-50323\" src=\"http:\/\/www.sudoestehoje.com.br\/novoportal\/wp-content\/uploads\/2015\/07\/lama-1-385x700.jpg\" alt=\"lama 1\" width=\"385\" height=\"700\" srcset=\"https:\/\/www.sudoestehoje.com.br\/novoportal\/wp-content\/uploads\/2015\/07\/lama-1-385x700.jpg 385w, https:\/\/www.sudoestehoje.com.br\/novoportal\/wp-content\/uploads\/2015\/07\/lama-1-495x900.jpg 495w, https:\/\/www.sudoestehoje.com.br\/novoportal\/wp-content\/uploads\/2015\/07\/lama-1-83x150.jpg 83w, https:\/\/www.sudoestehoje.com.br\/novoportal\/wp-content\/uploads\/2015\/07\/lama-1.jpg 528w\" sizes=\"auto, (max-width: 385px) 100vw, 385px\" \/><\/a><\/p>\n<p>Atrav\u00e9s de mensagem encaminhada ao blog, o vereador Renan Coelho (PCdoB) criticou \u00a0e pediu provid\u00eancias do executivo municipal para resolver problemas graves em vias p\u00fablicas no distrito de Bandeira do Col\u00f4nia. Confira a mensagem do vereador:<\/p>\n<p><em>&#8220;Olha s\u00f3 a situa\u00e7\u00e3o da rua 3 irm\u00e3os em Bandeira do Col\u00f4nia em 2012, a prefeitura fez uma obra sem canaliza\u00e7\u00e3o e sem escoamento das \u00e1guas das chuvas, sem nenhuma estrutura e orienta\u00e7\u00e3o de engenheiro simplesmente jogou borra de asfalto para tapear a popula\u00e7\u00e3o e enganar o povo com a promessa de que asfaltaria a rua j\u00e1 que tinha ficado 4 anos sem fazer nada na rua. A borra de asfalto s\u00f3 trouxe problema para os moradores da rua, em 2013 pela primeira vez por conta dessa obra irrespons\u00e1vel teve alagamento em muitas casas de moradores desta rua que perderam moveis e eletrodom\u00e9sticos. Os moradores da poeria quando faz sol e da lama quando chove j\u00e1 n\u00e3o suporta tanto descaso, humilha\u00e7\u00e3o e desrespeito pelo poder p\u00fablico que ignora esta situa\u00e7\u00e3o. Desde de 2013 atendendo a solicita\u00e7\u00e3o dos moradores desta rua fiz indica\u00e7\u00e3o para consertar a rua e asfaltar novamente agora com canaliza\u00e7\u00e3o das \u00e1guas pluviais e 2014 fis novamente uma indica\u00e7\u00e3o solicitando a mesma coisa asfaltamento da rua e canaliza\u00e7\u00e3o das \u00e1guas. No entanto, at\u00e9 as indica\u00e7\u00f5es aprovadas na C\u00e2mara de Vereadores s\u00e3o ignoradas e o poder executivo n\u00e3o atende os reclames da representa\u00e7\u00e3o do povo naquela casa. Enquanto isso o povo sofre na lama quando chove e coma poeria quando faz sol, as crian\u00e7as para estudarem tem de enfrentar a lama, algumas usam sacolas pl\u00e1sticas para conseguirem passar e chegar at\u00e9 a rua cal\u00e7ada. A situa\u00e7\u00e3o n\u00e3o \u00e9 diferente na rua Pulch\u00e9rio de Oliveira. na sess\u00e3o do dia 25 de junho cobrei mais uma vez provid\u00eancia do poder executivo com rela\u00e7\u00e3o a situa\u00e7\u00e3o desta rua e das demais que est\u00e3o causando transtorno aos moradores pela lama, po\u00e7as de \u00e1guas que mais parece umas lagoas, sem conta que estas \u00e1guas empossadas atraem insetos e doen\u00e7as infectocontagiosas.&#8221;.<\/em><\/p>\n<p>Confira mais fotos:<\/p>\n<p><img decoding=\"async\" class=\" aligncenter\" src=\"http:\/\/www.sudoestehoje.com.br\/novoportal\/wp-content\/uploads\/2014\/12\/Banner-Casabella-500x104.jpg\" alt=\"Banner Casabella\" \/><!--more--><\/p>\n<p><a href=\"http:\/\/www.sudoestehoje.com.br\/novoportal\/wp-content\/uploads\/2015\/07\/lama-2.jpg\"><img loading=\"lazy\" decoding=\"async\" class=\"aligncenter size-medium wp-image-50324\" src=\"http:\/\/www.sudoestehoje.com.br\/novoportal\/wp-content\/uploads\/2015\/07\/lama-2-385x700.jpg\" alt=\"lama 2\" width=\"385\" height=\"700\" srcset=\"https:\/\/www.sudoestehoje.com.br\/novoportal\/wp-content\/uploads\/2015\/07\/lama-2-385x700.jpg 385w, https:\/\/www.sudoestehoje.com.br\/novoportal\/wp-content\/uploads\/2015\/07\/lama-2-495x900.jpg 495w, https:\/\/www.sudoestehoje.com.br\/novoportal\/wp-content\/uploads\/2015\/07\/lama-2-83x150.jpg 83w, https:\/\/www.sudoestehoje.com.br\/novoportal\/wp-content\/uploads\/2015\/07\/lama-2.jpg 528w\" sizes=\"auto, (max-width: 385px) 100vw, 385px\" \/><\/a><\/p>\n<p><a href=\"http:\/\/www.sudoestehoje.com.br\/novoportal\/wp-content\/uploads\/2015\/07\/lama-3.jpg\"><img loading=\"lazy\" decoding=\"async\" class=\"aligncenter size-medium wp-image-50325\" src=\"http:\/\/www.sudoestehoje.com.br\/novoportal\/wp-content\/uploads\/2015\/07\/lama-3-385x700.jpg\" alt=\"lama 3\" width=\"385\" height=\"700\" srcset=\"https:\/\/www.sudoestehoje.com.br\/novoportal\/wp-content\/uploads\/2015\/07\/lama-3-385x700.jpg 385w, https:\/\/www.sudoestehoje.com.br\/novoportal\/wp-content\/uploads\/2015\/07\/lama-3-495x900.jpg 495w, https:\/\/www.sudoestehoje.com.br\/novoportal\/wp-content\/uploads\/2015\/07\/lama-3-83x150.jpg 83w, https:\/\/www.sudoestehoje.com.br\/novoportal\/wp-content\/uploads\/2015\/07\/lama-3.jpg 528w\" sizes=\"auto, (max-width: 385px) 100vw, 385px\" \/><\/a><\/p>\n<p><a href=\"http:\/\/www.sudoestehoje.com.br\/novoportal\/wp-content\/uploads\/2015\/07\/lama-4.jpg\"><img loading=\"lazy\" decoding=\"async\" class=\"aligncenter size-medium wp-image-50326\" src=\"http:\/\/www.sudoestehoje.com.br\/novoportal\/wp-content\/uploads\/2015\/07\/lama-4-385x700.jpg\" alt=\"lama 4\" width=\"385\" height=\"700\" srcset=\"https:\/\/www.sudoestehoje.com.br\/novoportal\/wp-content\/uploads\/2015\/07\/lama-4-385x700.jpg 385w, https:\/\/www.sudoestehoje.com.br\/novoportal\/wp-content\/uploads\/2015\/07\/lama-4-495x900.jpg 495w, https:\/\/www.sudoestehoje.com.br\/novoportal\/wp-content\/uploads\/2015\/07\/lama-4-83x150.jpg 83w, https:\/\/www.sudoestehoje.com.br\/novoportal\/wp-content\/uploads\/2015\/07\/lama-4.jpg 528w\" sizes=\"auto, (max-width: 385px) 100vw, 385px\" \/><\/a><\/p>\n","protected":false},"excerpt":{"rendered":"<p>Atrav\u00e9s de mensagem encaminhada ao blog, o vereador Renan Coelho (PCdoB) criticou \u00a0e pediu provid\u00eancias do executivo municipal para resolver problemas graves em vias p\u00fablicas no distrito de Bandeira do Col\u00f4nia. Confira a mensagem do vereador: &#8220;Olha s\u00f3 a situa\u00e7\u00e3o da rua 3 irm\u00e3os em Bandeira do Col\u00f4nia em 2012, a prefeitura fez uma obra [&hellip;]<\/p>\n","protected":false},"author":2,"featured_media":0,"comment_status":"open","ping_status":"open","sticky":false,"template":"","format":"standard","meta":{"footnotes":"","_links_to":"","_links_to_target":""},"categories":[1],"tags":[],"class_list":["post-50321","post","type-post","status-publish","format-standard","hentry","category-geral"],"views":1317,"_links":{"self":[{"href":"https:\/\/www.sudoestehoje.com.br\/novoportal\/wp-json\/wp\/v2\/posts\/50321","targetHints":{"allow":["GET"]}}],"collection":[{"href":"https:\/\/www.sudoestehoje.com.br\/novoportal\/wp-json\/wp\/v2\/posts"}],"about":[{"href":"https:\/\/www.sudoestehoje.com.br\/novoportal\/wp-json\/wp\/v2\/types\/post"}],"author":[{"embeddable":true,"href":"https:\/\/www.sudoestehoje.com.br\/novoportal\/wp-json\/wp\/v2\/users\/2"}],"replies":[{"embeddable":true,"href":"https:\/\/www.sudoestehoje.com.br\/novoportal\/wp-json\/wp\/v2\/comments?post=50321"}],"version-history":[{"count":4,"href":"https:\/\/www.sudoestehoje.com.br\/novoportal\/wp-json\/wp\/v2\/posts\/50321\/revisions"}],"predecessor-version":[{"id":50355,"href":"https:\/\/www.sudoestehoje.com.br\/novoportal\/wp-json\/wp\/v2\/posts\/50321\/revisions\/50355"}],"wp:attachment":[{"href":"https:\/\/www.sudoestehoje.com.br\/novoportal\/wp-json\/wp\/v2\/media?parent=50321"}],"wp:term":[{"taxonomy":"category","embeddable":true,"href":"https:\/\/www.sudoestehoje.com.br\/novoportal\/wp-json\/wp\/v2\/categories?post=50321"},{"taxonomy":"post_tag","embeddable":true,"href":"https:\/\/www.sudoestehoje.com.br\/novoportal\/wp-json\/wp\/v2\/tags?post=50321"}],"curies":[{"name":"wp","href":"https:\/\/api.w.org\/{rel}","templated":true}]}}