
{"id":50315,"date":"2015-07-01T18:48:23","date_gmt":"2015-07-01T21:48:23","guid":{"rendered":"http:\/\/www.sudoestehoje.com.br\/novoportal\/?p=50315"},"modified":"2015-07-02T18:45:59","modified_gmt":"2015-07-02T21:45:59","slug":"ibama-multa-indio-por-usar-penas-em-artesanato-divida-e-de-3-milhoes","status":"publish","type":"post","link":"https:\/\/www.sudoestehoje.com.br\/novoportal\/2015\/07\/01\/ibama-multa-indio-por-usar-penas-em-artesanato-divida-e-de-3-milhoes\/","title":{"rendered":"IBAMA MULTA \u00cdNDIO POR USAR PENAS EM ARTESANATO. D\u00cdVIDA \u00c9 DE 3 MILH\u00d5ES"},"content":{"rendered":"<div id=\"attachment_50319\" style=\"width: 510px\" class=\"wp-caption aligncenter\"><a href=\"http:\/\/www.sudoestehoje.com.br\/novoportal\/wp-content\/uploads\/2015\/07\/wai-wai.jpg\"><img loading=\"lazy\" decoding=\"async\" aria-describedby=\"caption-attachment-50319\" class=\"size-medium wp-image-50319\" src=\"http:\/\/www.sudoestehoje.com.br\/novoportal\/wp-content\/uploads\/2015\/07\/wai-wai-500x369.jpg\" alt=\"\u00cdndio Wai-Wai\" width=\"500\" height=\"369\" srcset=\"https:\/\/www.sudoestehoje.com.br\/novoportal\/wp-content\/uploads\/2015\/07\/wai-wai-500x369.jpg 500w, https:\/\/www.sudoestehoje.com.br\/novoportal\/wp-content\/uploads\/2015\/07\/wai-wai-150x111.jpg 150w, https:\/\/www.sudoestehoje.com.br\/novoportal\/wp-content\/uploads\/2015\/07\/wai-wai.jpg 650w\" sizes=\"auto, (max-width: 500px) 100vw, 500px\" \/><\/a><p id=\"caption-attachment-50319\" class=\"wp-caption-text\">O \u00edndio \u00a0Tim\u00f3teo Tayatasi Wai Wai recebeu multas do Ibama em Brasilia, pelo uso de penas de araras e papagaios em artesanato ind\u00edgena. Secret\u00e1rio do Meio Ambiente tenta ajudar, mas a d\u00edvida com a Uni\u00e3o j\u00e1 aproxima dos R$ 3 milh\u00f5es.<\/p><\/div>\n<p>Multado duas vezes pelo Ibama por vender artesanato feito de penas, um ind\u00edgena de uma aldeia no munic\u00edpio de Oriximin\u00e1 (PA) descobriu ter uma d\u00edvida de R$ 2,98 milh\u00f5es com a Uni\u00e3o. Tim\u00f3teo Tayatasi Wai Wai foi autuado em R$ 16,5 mil, em 2007, por expor itens debaixo do antigo pr\u00e9dio da Funai em\u00a0Bras\u00edlia\u00a0e em R$ 70,5 mil, em 2009, por transportar artigos do tipo. Os prazos para quitar as d\u00edvidas venceram e, como elas n\u00e3o foram quitadas, houve acr\u00e9scimo de outros encargos.<\/p>\n<p>Os artigos \u2013 brincos, colares, cocares e tiaras \u2013 eram feitos de penas de arara e de papagaio. Segundo o Ibama, Wai Wai n\u00e3o tem autoriza\u00e7\u00e3o para comercializar as pe\u00e7as e por isso infringiu a Lei de Crimes Ambientais. O \u00f3rg\u00e3o pediu \u00e0 Justi\u00e7a o bloqueio das contas banc\u00e1rias do ind\u00edgena, \u201ca fim de evitar poss\u00edvel desfazimento de bens ou valores em dep\u00f3sito de institui\u00e7\u00f5es financeiras ap\u00f3s a cita\u00e7\u00e3o\u201d.<\/p>\n<p>A solicita\u00e7\u00e3o foi acatada em novembro do ano passado. Tr\u00eas semanas depois, um oficial de Justi\u00e7a intimou o ind\u00edgena e alegou que s\u00f3 n\u00e3o cumpriu a determina\u00e7\u00e3o porque o \u00fanico bem que ele tem \u00e9 uma casa, onde mora com a m\u00e3e, avaliada em R$ 15 mil. Ele relatou s\u00f3 ter encontrado uma televis\u00e3o, uma geladeira pequena, um fog\u00e3o, uma mesa com cadeiras de madeira, duas camas e um aparelho de som. N\u00e3o havia carro, moto ou bicicleta. CONTINUE LENDO&#8230;<\/p>\n<p><img decoding=\"async\" class=\" aligncenter\" src=\"http:\/\/www.sudoestehoje.com.br\/novoportal\/wp-content\/uploads\/2014\/12\/skala-novo.jpg\" alt=\"skala novo\" \/><!--more--><\/p>\n<p>A Funai disse em nota considerar o valor exorbitante e a situa\u00e7\u00e3o complicada. A entidade acompanha o caso. &#8220;Sem orienta\u00e7\u00e3o e desconhecendo as leis e os tr\u00e2mites burocr\u00e1ticos, ele n\u00e3o fez defesa e n\u00e3o pagou a multa. E continuou produzindo artesanato&#8221;, afirma. &#8220;[Ele] foi novamente multado, agora em Parintins, na festa do Boi. Suas multas cresceram como uma bola de neve.&#8221;<\/p>\n<p>O deputado federal Nilson Pinto (PSDB-PA) enviou of\u00edcios aos minist\u00e9rios da Justi\u00e7a e do Meio Ambiente pedindo que sejam adotadas provid\u00eancias com rela\u00e7\u00e3o ao caso. O\u00a0G1\u00a0procurou os \u00f3rg\u00e3os, mas n\u00e3o recebeu retorno do Minist\u00e9rio da Justi\u00e7a. O Minist\u00e9rio do Meio Ambiente informou que analisa o documento.<\/p>\n<p>\u201cA situa\u00e7\u00e3o \u00e9 absurda, extremamente absurda. Pedi que do alto de suas autoridades consertem aquilo, que tomem provid\u00eancias. Isso foi no dia 11 [de junho] e estou at\u00e9 agora esperando resposta. At\u00e9 agora n\u00e3o tive nenhuma resposta\u201d, afirma o parlamentar. \u201c\u00c9 um ind\u00edgena tentando viver do seu artesanato, \u00e9 a coisa mais correta do mundo, respeito a sua cultura.\u201d<\/p>\n<p>De acordo com o deputado, Tayatasi afirma que em uma das apreens\u00f5es portava itens que somavam menos de R$ 3 mil e que foi alvo de trucul\u00eancia. Ele fala portugu\u00eas e est\u00e1 concluindo ensino m\u00e9dio em Oriximin\u00e1.<\/p>\n<p>\u201cConsidero isso uma viol\u00eancia \u00e0 cultura ind\u00edgena, que ali\u00e1s estava sendo festejada em Parintins naquela grande festa. Segundo, uma viol\u00eancia ao ser humano, independentemente de ser \u00edndio, porque viol\u00eancia n\u00e3o se faz com ningu\u00e9m. [&#8230;] O fiscal do Ibama acha que \u00edndios v\u00e3o sobreviver? \u00c9 uma insanidade, eu considero. Eles vivem do que produzem, e o artesanato \u00e9 a mais \u00f3bvia que pode ajud\u00e1-los a sobreviver.\u201d<\/p>\n<p><strong>Wai Wai<\/strong><br \/>\nTamb\u00e9m pertencente \u00e0 tribo, o ind\u00edgena Paulo afirma que a aldeia tem 1.082 habitantes. O grupo tem contato com o restante dos brasileiros h\u00e1 cerca de 50 anos. No local h\u00e1 \u00e1gua tratada, eletricidade e um orelh\u00e3o. O acesso ocorre por barco e de avi\u00e3o \u2013 a viagem a partir de Oriximin\u00e1 dura uma hora e meia.<\/p>\n<p>\u201cN\u00f3s, povos ind\u00edgenas, n\u00f3s vivemos como tradicionalmente na nossa localidade de Mapuera. N\u00f3s como povos ind\u00edgenas vivemos da criatividade. Fazemos colar com pena, brincos. A\u00ed esse artesanato virou uma renda para os povos ind\u00edgenas desde o ano de 1995\u201d, afirma.<\/p>\n<p>Segundo ele, o Ibama e a Funai conversaram com representantes da tribo pouco antes de Timoteo ser multado falando sobre a proibi\u00e7\u00e3o de usar subprodutos da fauna na confec\u00e7\u00e3o dos artigos. O ind\u00edgena afirma que as entidades se comprometeram a dar assist\u00eancia ao grupo.<\/p>\n<p>\u201cN\u00f3s vivemos s\u00f3 disso. N\u00e3o temos al\u00e9m disso, outra renda a gente n\u00e3o tem. Teve uma orienta\u00e7\u00e3o, e at\u00e9 a gente sabia que era um decreto, mas, o que acontece, todos os ind\u00edgenas, mesmo depois de orientados a gente precisava sobreviver e a gente n\u00e3o recebia o apoio\u201d, diz. \u201cA gente tem interesse de vender, e os brancos t\u00eam interesse de comprar. Eles tamb\u00e9m sabem que \u00e9 errado, \u2018pirata\u2019.\u201d<\/p>\n<p>O deputado federal Nilson Pinto (PSDB-PA) declarou considerar a postura do Ibama um equ\u00edvoco. \u201c\u00c9 um monumento brutal \u00e0 insanidade burocr\u00e1tica brasileira. \u00c9 uma demonstra\u00e7\u00e3o muito clara de que o estado brasileiro n\u00e3o est\u00e1 preparado para lidar com esses brasileiros, que s\u00e3o brasileiros muito antes da gente.\u201d<\/p>\n<p>&nbsp;<\/p>\n","protected":false},"excerpt":{"rendered":"<p>Multado duas vezes pelo Ibama por vender artesanato feito de penas, um ind\u00edgena de uma aldeia no munic\u00edpio de Oriximin\u00e1 (PA) descobriu ter uma d\u00edvida de R$ 2,98 milh\u00f5es com a Uni\u00e3o. Tim\u00f3teo Tayatasi Wai Wai foi autuado em R$ 16,5 mil, em 2007, por expor itens debaixo do antigo pr\u00e9dio da Funai em\u00a0Bras\u00edlia\u00a0e em [&hellip;]<\/p>\n","protected":false},"author":2,"featured_media":0,"comment_status":"open","ping_status":"open","sticky":false,"template":"","format":"standard","meta":{"footnotes":"","_links_to":"","_links_to_target":""},"categories":[1],"tags":[],"class_list":["post-50315","post","type-post","status-publish","format-standard","hentry","category-geral"],"views":1338,"_links":{"self":[{"href":"https:\/\/www.sudoestehoje.com.br\/novoportal\/wp-json\/wp\/v2\/posts\/50315","targetHints":{"allow":["GET"]}}],"collection":[{"href":"https:\/\/www.sudoestehoje.com.br\/novoportal\/wp-json\/wp\/v2\/posts"}],"about":[{"href":"https:\/\/www.sudoestehoje.com.br\/novoportal\/wp-json\/wp\/v2\/types\/post"}],"author":[{"embeddable":true,"href":"https:\/\/www.sudoestehoje.com.br\/novoportal\/wp-json\/wp\/v2\/users\/2"}],"replies":[{"embeddable":true,"href":"https:\/\/www.sudoestehoje.com.br\/novoportal\/wp-json\/wp\/v2\/comments?post=50315"}],"version-history":[{"count":5,"href":"https:\/\/www.sudoestehoje.com.br\/novoportal\/wp-json\/wp\/v2\/posts\/50315\/revisions"}],"predecessor-version":[{"id":50356,"href":"https:\/\/www.sudoestehoje.com.br\/novoportal\/wp-json\/wp\/v2\/posts\/50315\/revisions\/50356"}],"wp:attachment":[{"href":"https:\/\/www.sudoestehoje.com.br\/novoportal\/wp-json\/wp\/v2\/media?parent=50315"}],"wp:term":[{"taxonomy":"category","embeddable":true,"href":"https:\/\/www.sudoestehoje.com.br\/novoportal\/wp-json\/wp\/v2\/categories?post=50315"},{"taxonomy":"post_tag","embeddable":true,"href":"https:\/\/www.sudoestehoje.com.br\/novoportal\/wp-json\/wp\/v2\/tags?post=50315"}],"curies":[{"name":"wp","href":"https:\/\/api.w.org\/{rel}","templated":true}]}}