
{"id":50276,"date":"2015-06-29T15:59:42","date_gmt":"2015-06-29T18:59:42","guid":{"rendered":"http:\/\/www.sudoestehoje.com.br\/novoportal\/?p=50276"},"modified":"2015-06-29T19:14:07","modified_gmt":"2015-06-29T22:14:07","slug":"ida-de-acm-neto-para-o-pmdb-ja-estaria-certa-mas-aecio-e-contra-o-acordo","status":"publish","type":"post","link":"https:\/\/www.sudoestehoje.com.br\/novoportal\/2015\/06\/29\/ida-de-acm-neto-para-o-pmdb-ja-estaria-certa-mas-aecio-e-contra-o-acordo\/","title":{"rendered":"IDA DE ACM NETO PARA O PMDB J\u00c1 ESTARIA CERTA, MAS A\u00c9CIO \u00c9 CONTRA O ACORDO"},"content":{"rendered":"<p><a href=\"http:\/\/www.sudoestehoje.com.br\/novoportal\/wp-content\/uploads\/2015\/06\/NETO-PMDB.jpg\"><img loading=\"lazy\" decoding=\"async\" class=\"aligncenter  wp-image-50278\" src=\"http:\/\/www.sudoestehoje.com.br\/novoportal\/wp-content\/uploads\/2015\/06\/NETO-PMDB.jpg\" alt=\"NETO PMDB\" width=\"501\" height=\"369\" srcset=\"https:\/\/www.sudoestehoje.com.br\/novoportal\/wp-content\/uploads\/2015\/06\/NETO-PMDB.jpg 380w, https:\/\/www.sudoestehoje.com.br\/novoportal\/wp-content\/uploads\/2015\/06\/NETO-PMDB-150x111.jpg 150w\" sizes=\"auto, (max-width: 501px) 100vw, 501px\" \/><\/a><\/p>\n<p>O prefeito de Salvador, ACM Neto (DEM), deve trocar de partido em breve e seu destino estaria selado. De acordo com a coluna Painel, da Folha de S. Paulo, ele selou sua filia\u00e7\u00e3o ao PMDB, o que deve acontecer em agosto.<\/p>\n<p>Ainda segundo a publica\u00e7\u00e3o, a \u00fanica amarra que ainda prende ACM Neto ao DEM \u00e9 a obje\u00e7\u00e3o do senador A\u00e9cio Neves (PSDB-MG), que temeria que a perda de um prefeito de capital importante passe a impress\u00e3o de \u201craquitismo\u201d da oposi\u00e7\u00e3o em cen\u00e1rio nacional. BN<\/p>\n<p><img decoding=\"async\" class=\"aligncenter\" src=\"http:\/\/www.sudoestehoje.com.br\/novoportal\/wp-content\/uploads\/2014\/12\/Banner-Casabella-500x104.jpg\" alt=\"Banner Casabella\" \/><\/p>\n","protected":false},"excerpt":{"rendered":"<p>O prefeito de Salvador, ACM Neto (DEM), deve trocar de partido em breve e seu destino estaria selado. De acordo com a coluna Painel, da Folha de S. Paulo, ele selou sua filia\u00e7\u00e3o ao PMDB, o que deve acontecer em agosto. Ainda segundo a publica\u00e7\u00e3o, a \u00fanica amarra que ainda prende ACM Neto ao DEM [&hellip;]<\/p>\n","protected":false},"author":2,"featured_media":0,"comment_status":"open","ping_status":"open","sticky":false,"template":"","format":"standard","meta":{"footnotes":"","_links_to":"","_links_to_target":""},"categories":[1],"tags":[],"class_list":["post-50276","post","type-post","status-publish","format-standard","hentry","category-geral"],"views":1497,"_links":{"self":[{"href":"https:\/\/www.sudoestehoje.com.br\/novoportal\/wp-json\/wp\/v2\/posts\/50276","targetHints":{"allow":["GET"]}}],"collection":[{"href":"https:\/\/www.sudoestehoje.com.br\/novoportal\/wp-json\/wp\/v2\/posts"}],"about":[{"href":"https:\/\/www.sudoestehoje.com.br\/novoportal\/wp-json\/wp\/v2\/types\/post"}],"author":[{"embeddable":true,"href":"https:\/\/www.sudoestehoje.com.br\/novoportal\/wp-json\/wp\/v2\/users\/2"}],"replies":[{"embeddable":true,"href":"https:\/\/www.sudoestehoje.com.br\/novoportal\/wp-json\/wp\/v2\/comments?post=50276"}],"version-history":[{"count":3,"href":"https:\/\/www.sudoestehoje.com.br\/novoportal\/wp-json\/wp\/v2\/posts\/50276\/revisions"}],"predecessor-version":[{"id":50287,"href":"https:\/\/www.sudoestehoje.com.br\/novoportal\/wp-json\/wp\/v2\/posts\/50276\/revisions\/50287"}],"wp:attachment":[{"href":"https:\/\/www.sudoestehoje.com.br\/novoportal\/wp-json\/wp\/v2\/media?parent=50276"}],"wp:term":[{"taxonomy":"category","embeddable":true,"href":"https:\/\/www.sudoestehoje.com.br\/novoportal\/wp-json\/wp\/v2\/categories?post=50276"},{"taxonomy":"post_tag","embeddable":true,"href":"https:\/\/www.sudoestehoje.com.br\/novoportal\/wp-json\/wp\/v2\/tags?post=50276"}],"curies":[{"name":"wp","href":"https:\/\/api.w.org\/{rel}","templated":true}]}}