
{"id":50215,"date":"2015-06-25T20:51:51","date_gmt":"2015-06-25T23:51:51","guid":{"rendered":"http:\/\/www.sudoestehoje.com.br\/novoportal\/?p=50215"},"modified":"2015-06-25T20:57:37","modified_gmt":"2015-06-25T23:57:37","slug":"desembargador-nega-pedido-de-habeas-corpus-preventivo-para-lula","status":"publish","type":"post","link":"https:\/\/www.sudoestehoje.com.br\/novoportal\/2015\/06\/25\/desembargador-nega-pedido-de-habeas-corpus-preventivo-para-lula\/","title":{"rendered":"DESEMBARGADOR NEGA PEDIDO DE HABEAS CORPUS PREVENTIVO PARA LULA"},"content":{"rendered":"<p><a href=\"http:\/\/www.sudoestehoje.com.br\/novoportal\/wp-content\/uploads\/2015\/06\/LULINHA.jpg\"><img loading=\"lazy\" decoding=\"async\" class=\"aligncenter  wp-image-50216\" src=\"http:\/\/www.sudoestehoje.com.br\/novoportal\/wp-content\/uploads\/2015\/06\/LULINHA.jpg\" alt=\"LULINHA\" width=\"499\" height=\"368\" srcset=\"https:\/\/www.sudoestehoje.com.br\/novoportal\/wp-content\/uploads\/2015\/06\/LULINHA.jpg 380w, https:\/\/www.sudoestehoje.com.br\/novoportal\/wp-content\/uploads\/2015\/06\/LULINHA-150x111.jpg 150w\" sizes=\"auto, (max-width: 499px) 100vw, 499px\" \/><\/a><\/p>\n<p><strong><em>Isto \u00c9<\/em><\/strong><\/p>\n<p>O desembargador Jo\u00e3o Pedro Gebran Neto, do Tribunal Regional Federal da 4\u00aa Regi\u00e3o, negou nesta quinta-feira, 25, o habeas corpus preventivo impetrado por um consultor em favor do ex-presidente Luiz In\u00e1cio Lula da Silva. O desembargador classifica como um &#8220;aventura jur\u00eddica&#8221; o habeas corpus e diz que a medida &#8220;exp\u00f4s&#8221; o ex-presidente.<\/p>\n<p><em>&#8220;Cuida-se apenas de aventura jur\u00eddica que em nada contribui para o presente momento, talvez prejudicando e expondo o pr\u00f3prio ex-presidente, vez que o rem\u00e9dio constitucional (habeas corpus preventivo) foi proposto \u00e0 sua revelia&#8221;<\/em>, escreveu Gebran.<\/p>\n<p>O consultor Maur\u00edcio Ramos Thomas, de Campinas (SP), argumentava que Lula estaria na imin\u00eancia de ser preso e buscava evitar a pris\u00e3o do ex-presidente no \u00e2mbito da Opera\u00e7\u00e3o Lava Jato. Ao analisar o pedido, o desembargador federal do TRF-4 apontou que n\u00e3o h\u00e1 nenhuma informa\u00e7\u00e3o concreta sobre suposta amea\u00e7a ao direito de ir e vir do ex-presidente.\u00a0 De acordo com o magistrado, as not\u00edcias de jornais utilizadas no habeas corpus n\u00e3o servem como fundamento.<\/p>\n<p>O habeas corpus ser\u00e1 encaminhado pela Justi\u00e7a Federal ao Minist\u00e9rio P\u00fablico Federal para &#8220;ado\u00e7\u00e3o de provid\u00eancias cab\u00edveis&#8221;. O desembargador do TRF-4 considerou que foram utilizados termos impr\u00f3prios e linguagem vulgar &#8220;inclusive ofendendo a honra de pessoas&#8221;. O consultor faz men\u00e7\u00f5es por exemplo ao juiz federal S\u00e9rgio Moro, que conduz a Opera\u00e7\u00e3o Lava Jato no Paran\u00e1.<\/p>\n<p><img decoding=\"async\" class=\"aligncenter\" src=\"http:\/\/www.sudoestehoje.com.br\/novoportal\/wp-content\/uploads\/2014\/07\/Feira-do-Lar-1.png\" alt=\"Feira-do-Lar (1)\" \/><\/p>\n","protected":false},"excerpt":{"rendered":"<p>Isto \u00c9 O desembargador Jo\u00e3o Pedro Gebran Neto, do Tribunal Regional Federal da 4\u00aa Regi\u00e3o, negou nesta quinta-feira, 25, o habeas corpus preventivo impetrado por um consultor em favor do ex-presidente Luiz In\u00e1cio Lula da Silva. O desembargador classifica como um &#8220;aventura jur\u00eddica&#8221; o habeas corpus e diz que a medida &#8220;exp\u00f4s&#8221; o ex-presidente. &#8220;Cuida-se [&hellip;]<\/p>\n","protected":false},"author":2,"featured_media":0,"comment_status":"open","ping_status":"open","sticky":false,"template":"","format":"standard","meta":{"footnotes":"","_links_to":"","_links_to_target":""},"categories":[1],"tags":[],"class_list":["post-50215","post","type-post","status-publish","format-standard","hentry","category-geral"],"views":1133,"_links":{"self":[{"href":"https:\/\/www.sudoestehoje.com.br\/novoportal\/wp-json\/wp\/v2\/posts\/50215","targetHints":{"allow":["GET"]}}],"collection":[{"href":"https:\/\/www.sudoestehoje.com.br\/novoportal\/wp-json\/wp\/v2\/posts"}],"about":[{"href":"https:\/\/www.sudoestehoje.com.br\/novoportal\/wp-json\/wp\/v2\/types\/post"}],"author":[{"embeddable":true,"href":"https:\/\/www.sudoestehoje.com.br\/novoportal\/wp-json\/wp\/v2\/users\/2"}],"replies":[{"embeddable":true,"href":"https:\/\/www.sudoestehoje.com.br\/novoportal\/wp-json\/wp\/v2\/comments?post=50215"}],"version-history":[{"count":3,"href":"https:\/\/www.sudoestehoje.com.br\/novoportal\/wp-json\/wp\/v2\/posts\/50215\/revisions"}],"predecessor-version":[{"id":50219,"href":"https:\/\/www.sudoestehoje.com.br\/novoportal\/wp-json\/wp\/v2\/posts\/50215\/revisions\/50219"}],"wp:attachment":[{"href":"https:\/\/www.sudoestehoje.com.br\/novoportal\/wp-json\/wp\/v2\/media?parent=50215"}],"wp:term":[{"taxonomy":"category","embeddable":true,"href":"https:\/\/www.sudoestehoje.com.br\/novoportal\/wp-json\/wp\/v2\/categories?post=50215"},{"taxonomy":"post_tag","embeddable":true,"href":"https:\/\/www.sudoestehoje.com.br\/novoportal\/wp-json\/wp\/v2\/tags?post=50215"}],"curies":[{"name":"wp","href":"https:\/\/api.w.org\/{rel}","templated":true}]}}