
{"id":50191,"date":"2015-06-25T14:25:08","date_gmt":"2015-06-25T17:25:08","guid":{"rendered":"http:\/\/www.sudoestehoje.com.br\/novoportal\/?p=50191"},"modified":"2015-06-25T19:58:30","modified_gmt":"2015-06-25T22:58:30","slug":"lula-pede-habeas-corpus-preventivo-na-justica-federal-do-parana","status":"publish","type":"post","link":"https:\/\/www.sudoestehoje.com.br\/novoportal\/2015\/06\/25\/lula-pede-habeas-corpus-preventivo-na-justica-federal-do-parana\/","title":{"rendered":"LULA PEDE HABEAS CORPUS PREVENTIVO NA JUSTI\u00c7A FEDERAL DO PARAN\u00c1"},"content":{"rendered":"<p><a href=\"http:\/\/www.sudoestehoje.com.br\/novoportal\/wp-content\/uploads\/2015\/06\/Fabio-Motta-AE-Lula-Petrobras-Petroleo-P50-Mao-Suja2.jpg\"><img loading=\"lazy\" decoding=\"async\" class=\"aligncenter size-medium wp-image-50194\" src=\"http:\/\/www.sudoestehoje.com.br\/novoportal\/wp-content\/uploads\/2015\/06\/Fabio-Motta-AE-Lula-Petrobras-Petroleo-P50-Mao-Suja2-500x330.jpg\" alt=\"Fabio Motta AE - Lula Petrobras Petroleo P50 Mao Suja2\" width=\"500\" height=\"330\" srcset=\"https:\/\/www.sudoestehoje.com.br\/novoportal\/wp-content\/uploads\/2015\/06\/Fabio-Motta-AE-Lula-Petrobras-Petroleo-P50-Mao-Suja2-500x330.jpg 500w, https:\/\/www.sudoestehoje.com.br\/novoportal\/wp-content\/uploads\/2015\/06\/Fabio-Motta-AE-Lula-Petrobras-Petroleo-P50-Mao-Suja2-700x462.jpg 700w, https:\/\/www.sudoestehoje.com.br\/novoportal\/wp-content\/uploads\/2015\/06\/Fabio-Motta-AE-Lula-Petrobras-Petroleo-P50-Mao-Suja2-150x99.jpg 150w, https:\/\/www.sudoestehoje.com.br\/novoportal\/wp-content\/uploads\/2015\/06\/Fabio-Motta-AE-Lula-Petrobras-Petroleo-P50-Mao-Suja2.jpg 1500w\" sizes=\"auto, (max-width: 500px) 100vw, 500px\" \/><\/a><\/p>\n<p><strong><em>Di\u00e1rio do Poder<\/em><\/strong><\/p>\n<p>O ex-presidente Lula ingressou com pedido de habeas corpus junto ao Tribunal Regional Federal da 4\u00aa Regi\u00e3o, sediado em Porto Alegre, contra o Ju\u00edzo Federal Criminal Federal de Curitiba, que coordena as a\u00e7\u00f5es da Opera\u00e7\u00e3o Lava Jato.<\/p>\n<p>Lula j\u00e1 havia confessado a aliados o seu temor de se transformar em alvo da Lava Jato, sofrendo mandados de busca e apreens\u00e3o, de condu\u00e7\u00e3o coercitiva ou mesmo de pris\u00e3o.<\/p>\n<p>O haberas corpus de Lula foi distribu\u00eddo para o desembargador Jo\u00e3o Pedro Gebran Neto, do TRF-4, que julga recursos de implicados na Opera\u00e7\u00e3o Lava Jato. O habeas corpus foi impetrado naquele tribunal porque ele tem jurisdi\u00e7\u00e3o sobre os estados do sul, incluindo o Paran\u00e1. No pedido, Lula aparece como solicitante e o juiz Sergio Moro como requerido.<\/p>\n<p>O assunto do processo n\u00ba 5023661-46.2015.4.04.0000\u00a0tem como assuntos a &#8220;Lavagem ou Oculta\u00e7\u00e3o de Bens, Direitos ou Valores Oriundos de Corrup\u00e7\u00e3o&#8221; \u00a0e tamb\u00e9m a &#8220;Pris\u00e3o Preventiva&#8221; e como \u201cimpetrante\u201d, ou autor da a\u00e7\u00e3o, o ex-presidente Lula.<\/p>\n<p><img loading=\"lazy\" decoding=\"async\" class=\" aligncenter\" src=\"http:\/\/static.blogdaresenhageral.com.br\/wp-content\/uploads\/2015\/06\/1517695.jpeg?9f13b1\" alt=\"\" width=\"501\" height=\"332\" \/><\/p>\n<p><img loading=\"lazy\" decoding=\"async\" class=\" aligncenter\" src=\"http:\/\/2.bp.blogspot.com\/-70-eOs__L20\/VPCyusPhXRI\/AAAAAAAACAQ\/KHorKekdACs\/s640\/tarug%C3%A3o1.jpg\" alt=\"\" width=\"501\" height=\"141\" \/><\/p>\n","protected":false},"excerpt":{"rendered":"<p>Di\u00e1rio do Poder O ex-presidente Lula ingressou com pedido de habeas corpus junto ao Tribunal Regional Federal da 4\u00aa Regi\u00e3o, sediado em Porto Alegre, contra o Ju\u00edzo Federal Criminal Federal de Curitiba, que coordena as a\u00e7\u00f5es da Opera\u00e7\u00e3o Lava Jato. Lula j\u00e1 havia confessado a aliados o seu temor de se transformar em alvo da [&hellip;]<\/p>\n","protected":false},"author":2,"featured_media":0,"comment_status":"open","ping_status":"open","sticky":false,"template":"","format":"standard","meta":{"footnotes":"","_links_to":"","_links_to_target":""},"categories":[1],"tags":[],"class_list":["post-50191","post","type-post","status-publish","format-standard","hentry","category-geral"],"views":3734,"_links":{"self":[{"href":"https:\/\/www.sudoestehoje.com.br\/novoportal\/wp-json\/wp\/v2\/posts\/50191","targetHints":{"allow":["GET"]}}],"collection":[{"href":"https:\/\/www.sudoestehoje.com.br\/novoportal\/wp-json\/wp\/v2\/posts"}],"about":[{"href":"https:\/\/www.sudoestehoje.com.br\/novoportal\/wp-json\/wp\/v2\/types\/post"}],"author":[{"embeddable":true,"href":"https:\/\/www.sudoestehoje.com.br\/novoportal\/wp-json\/wp\/v2\/users\/2"}],"replies":[{"embeddable":true,"href":"https:\/\/www.sudoestehoje.com.br\/novoportal\/wp-json\/wp\/v2\/comments?post=50191"}],"version-history":[{"count":7,"href":"https:\/\/www.sudoestehoje.com.br\/novoportal\/wp-json\/wp\/v2\/posts\/50191\/revisions"}],"predecessor-version":[{"id":50210,"href":"https:\/\/www.sudoestehoje.com.br\/novoportal\/wp-json\/wp\/v2\/posts\/50191\/revisions\/50210"}],"wp:attachment":[{"href":"https:\/\/www.sudoestehoje.com.br\/novoportal\/wp-json\/wp\/v2\/media?parent=50191"}],"wp:term":[{"taxonomy":"category","embeddable":true,"href":"https:\/\/www.sudoestehoje.com.br\/novoportal\/wp-json\/wp\/v2\/categories?post=50191"},{"taxonomy":"post_tag","embeddable":true,"href":"https:\/\/www.sudoestehoje.com.br\/novoportal\/wp-json\/wp\/v2\/tags?post=50191"}],"curies":[{"name":"wp","href":"https:\/\/api.w.org\/{rel}","templated":true}]}}