
{"id":5008,"date":"2011-05-16T17:57:24","date_gmt":"2011-05-16T20:57:24","guid":{"rendered":"http:\/\/www.sudoestehoje.com.br\/novoportal\/?p=5008"},"modified":"2011-05-16T17:58:29","modified_gmt":"2011-05-16T20:58:29","slug":"mao-a-palmatoria","status":"publish","type":"post","link":"https:\/\/www.sudoestehoje.com.br\/novoportal\/2011\/05\/16\/mao-a-palmatoria\/","title":{"rendered":"AMBUL\u00c2NCIA AINDA \u00c9 A OP\u00c7\u00c3O"},"content":{"rendered":"<p style=\"text-align: center;\"><a id=\"apf7\" href=\"http:\/\/www.google.com.br\/imgres?imgurl=http:\/\/www.panoramablogmario.blogger.com.br\/ambulancia.jpg&amp;imgrefurl=http:\/\/www.panoramablogmario.blogger.com.br\/2006_05_01_archive.html&amp;usg=__goFhK-4tEjblLl4eZoLZD-YQ2bA=&amp;h=360&amp;w=267&amp;sz=44&amp;hl=pt-BR&amp;start=8&amp;zoom=1&amp;um=1&amp;itbs=1&amp;tbnid=4fsxf4YdQp4VBM:&amp;tbnh=121&amp;tbnw=90&amp;prev=\/search%3Fq%3Dambul%25C3%25A2ncia%2Bcharge%26um%3D1%26hl%3Dpt-BR%26sa%3DG%26rlz%3D1T4SKPB_pt-BRBR354BR359%26tbm%3Disch&amp;ei=iY_RTYv1IIbpgQfGk9C0DA\"><img loading=\"lazy\" decoding=\"async\" id=\"ipf4fsxf4YdQp4VBM:\" class=\"aligncenter\" src=\"http:\/\/t1.gstatic.com\/images?q=tbn:ANd9GcT2fcMchqG4ijv0u3jxpAjnuYifyZoc03PpeW_GaSjvoN1Kbclw4Jkb-g\" alt=\"\" width=\"90\" height=\"121\" \/><\/a><\/p>\n<p>Depois da queda de bra\u00e7o para saber quem \u00e9 que mais\u00a0detonava a combalida sa\u00fade p\u00fablica municipal, a prefeitura deu a m\u00e3o \u00e0 palmat\u00f3ria, cedendo e renovando o prec\u00e1rio conv\u00eanio com o Hospital Cristo Redentor. Para tentar virar o jogo a seu favor e faturar politicamente, a turma de imbecis municipais armou um &#8216;picadeiro&#8217;, para oficializar a palha\u00e7ada. O conv\u00eanio que nunca foi cumprido pela prefeitura, foi reeditado, em uma vers\u00e3o gen\u00e9rica, para enganar a torcida e fazer de conta que a sa\u00fade em Itapetinga vai bem. Apesar da marmelada, os pobres mortais de Itapetinga v\u00e3o continuar penando nas portas dos hospitais de Conquista e Itabuna, para n\u00e3o morrerem sem atendimento na &#8216;pedra&#8217; do HCR. Quem tiver\u00a0o azar de adoecer nas segundas-feiras, vai ter que pegar ambul\u00e2ncia, pois n\u00e3o haver\u00e1 anestesista neste dia da semana. Que Deus nos acuda!<\/p>\n","protected":false},"excerpt":{"rendered":"<p>Depois da queda de bra\u00e7o para saber quem \u00e9 que mais\u00a0detonava a combalida sa\u00fade p\u00fablica municipal, a prefeitura deu a m\u00e3o \u00e0 palmat\u00f3ria, cedendo e renovando o prec\u00e1rio conv\u00eanio com o Hospital Cristo Redentor. Para tentar virar o jogo a seu favor e faturar politicamente, a turma de imbecis municipais armou um &#8216;picadeiro&#8217;, para oficializar [&hellip;]<\/p>\n","protected":false},"author":2,"featured_media":0,"comment_status":"open","ping_status":"open","sticky":false,"template":"","format":"standard","meta":{"footnotes":"","_links_to":"","_links_to_target":""},"categories":[11],"tags":[],"class_list":["post-5008","post","type-post","status-publish","format-standard","hentry","category-quentinhas"],"views":1291,"_links":{"self":[{"href":"https:\/\/www.sudoestehoje.com.br\/novoportal\/wp-json\/wp\/v2\/posts\/5008","targetHints":{"allow":["GET"]}}],"collection":[{"href":"https:\/\/www.sudoestehoje.com.br\/novoportal\/wp-json\/wp\/v2\/posts"}],"about":[{"href":"https:\/\/www.sudoestehoje.com.br\/novoportal\/wp-json\/wp\/v2\/types\/post"}],"author":[{"embeddable":true,"href":"https:\/\/www.sudoestehoje.com.br\/novoportal\/wp-json\/wp\/v2\/users\/2"}],"replies":[{"embeddable":true,"href":"https:\/\/www.sudoestehoje.com.br\/novoportal\/wp-json\/wp\/v2\/comments?post=5008"}],"version-history":[{"count":3,"href":"https:\/\/www.sudoestehoje.com.br\/novoportal\/wp-json\/wp\/v2\/posts\/5008\/revisions"}],"predecessor-version":[{"id":5011,"href":"https:\/\/www.sudoestehoje.com.br\/novoportal\/wp-json\/wp\/v2\/posts\/5008\/revisions\/5011"}],"wp:attachment":[{"href":"https:\/\/www.sudoestehoje.com.br\/novoportal\/wp-json\/wp\/v2\/media?parent=5008"}],"wp:term":[{"taxonomy":"category","embeddable":true,"href":"https:\/\/www.sudoestehoje.com.br\/novoportal\/wp-json\/wp\/v2\/categories?post=5008"},{"taxonomy":"post_tag","embeddable":true,"href":"https:\/\/www.sudoestehoje.com.br\/novoportal\/wp-json\/wp\/v2\/tags?post=5008"}],"curies":[{"name":"wp","href":"https:\/\/api.w.org\/{rel}","templated":true}]}}