
{"id":5005,"date":"2011-05-16T16:48:07","date_gmt":"2011-05-16T19:48:07","guid":{"rendered":"http:\/\/www.sudoestehoje.com.br\/novoportal\/?p=5005"},"modified":"2011-05-16T16:48:07","modified_gmt":"2011-05-16T19:48:07","slug":"piabao-pegou","status":"publish","type":"post","link":"https:\/\/www.sudoestehoje.com.br\/novoportal\/2011\/05\/16\/piabao-pegou\/","title":{"rendered":"&#8220;PIAB\u00c3O&#8221; PEGOU"},"content":{"rendered":"<p style=\"text-align: center;\"><a href=\"http:\/\/www.google.com.br\/imgres?imgurl=http:\/\/3.bp.blogspot.com\/_j_ELFcAervM\/TMcuno_LtmI\/AAAAAAAAACw\/8vFC_ClTDhk\/s1600\/PIABA.jpg&amp;imgrefurl=http:\/\/saiudoaquario.blogspot.com\/2010\/10\/rio-itapecerica.html&amp;usg=__9x-HzgbcoX1Qs97dI4g4xmnDg3E=&amp;h=360&amp;w=695&amp;sz=28&amp;hl=pt-BR&amp;start=15&amp;zoom=1&amp;um=1&amp;itbs=1&amp;tbnid=isINXF2nvrplgM:&amp;tbnh=72&amp;tbnw=139&amp;prev=\/search%3Fq%3Dpiaba%26um%3D1%26hl%3Dpt-BR%26sa%3DN%26rlz%3D1T4SKPB_pt-BRBR354BR359%26tbm%3Disch&amp;ei=Rn_RTdnfB8StgQehvv3ADA\"><img loading=\"lazy\" decoding=\"async\" id=\"isINXF2nvrplgM:\" class=\"aligncenter\" src=\"http:\/\/t1.gstatic.com\/images?q=tbn:ANd9GcR1nATbSTxvWkVW57579R1hjEK3JuamoJxYUOKEtgO1iqXV2ojdy_3ievU\" alt=\"\" width=\"139\" height=\"72\" \/><\/a><\/p>\n<p>No m\u00eas passado, em entrevista na r\u00e1dio do seu irm\u00e3o, o prefeito Z\u00e9 Carlos manifestou sua insatisfa\u00e7\u00e3o com o apelido de &#8220;Piab\u00e3o&#8221; dado ao loteamento do Minha Casa, que est\u00e1 sendo constru\u00eddo em um brejo da fam\u00edlia Monte, na Nova Itapetinga. Chateado, Z\u00e9 Carlos disse nos microfones da r\u00e1dio que o apelido de &#8220;Piab\u00e3o&#8221;\u00a0era uma inven\u00e7\u00e3o nossa, e que se fosse um bairro de ricos ningu\u00e9m botaria apelido. Hoje, por ironia,\u00a0o pr\u00f3prio gerente da Caixa se referiu ao loteamento como &#8220;Piab\u00e3o&#8221;, numa entrevista concedida \u00e0 mesma r\u00e1dio, no programa de Amaral. Pelo visto, o apelido emplacou mais que o nome oficial, que foi dado em homenagem ao pai adotivo do prefeito. Faz parte&#8230;<\/p>\n","protected":false},"excerpt":{"rendered":"<p>No m\u00eas passado, em entrevista na r\u00e1dio do seu irm\u00e3o, o prefeito Z\u00e9 Carlos manifestou sua insatisfa\u00e7\u00e3o com o apelido de &#8220;Piab\u00e3o&#8221; dado ao loteamento do Minha Casa, que est\u00e1 sendo constru\u00eddo em um brejo da fam\u00edlia Monte, na Nova Itapetinga. Chateado, Z\u00e9 Carlos disse nos microfones da r\u00e1dio que o apelido de &#8220;Piab\u00e3o&#8221;\u00a0era uma [&hellip;]<\/p>\n","protected":false},"author":2,"featured_media":0,"comment_status":"open","ping_status":"open","sticky":false,"template":"","format":"standard","meta":{"footnotes":"","_links_to":"","_links_to_target":""},"categories":[11],"tags":[],"class_list":["post-5005","post","type-post","status-publish","format-standard","hentry","category-quentinhas"],"views":183,"_links":{"self":[{"href":"https:\/\/www.sudoestehoje.com.br\/novoportal\/wp-json\/wp\/v2\/posts\/5005","targetHints":{"allow":["GET"]}}],"collection":[{"href":"https:\/\/www.sudoestehoje.com.br\/novoportal\/wp-json\/wp\/v2\/posts"}],"about":[{"href":"https:\/\/www.sudoestehoje.com.br\/novoportal\/wp-json\/wp\/v2\/types\/post"}],"author":[{"embeddable":true,"href":"https:\/\/www.sudoestehoje.com.br\/novoportal\/wp-json\/wp\/v2\/users\/2"}],"replies":[{"embeddable":true,"href":"https:\/\/www.sudoestehoje.com.br\/novoportal\/wp-json\/wp\/v2\/comments?post=5005"}],"version-history":[{"count":2,"href":"https:\/\/www.sudoestehoje.com.br\/novoportal\/wp-json\/wp\/v2\/posts\/5005\/revisions"}],"predecessor-version":[{"id":5007,"href":"https:\/\/www.sudoestehoje.com.br\/novoportal\/wp-json\/wp\/v2\/posts\/5005\/revisions\/5007"}],"wp:attachment":[{"href":"https:\/\/www.sudoestehoje.com.br\/novoportal\/wp-json\/wp\/v2\/media?parent=5005"}],"wp:term":[{"taxonomy":"category","embeddable":true,"href":"https:\/\/www.sudoestehoje.com.br\/novoportal\/wp-json\/wp\/v2\/categories?post=5005"},{"taxonomy":"post_tag","embeddable":true,"href":"https:\/\/www.sudoestehoje.com.br\/novoportal\/wp-json\/wp\/v2\/tags?post=5005"}],"curies":[{"name":"wp","href":"https:\/\/api.w.org\/{rel}","templated":true}]}}