
{"id":50041,"date":"2015-06-18T19:55:31","date_gmt":"2015-06-18T22:55:31","guid":{"rendered":"http:\/\/www.sudoestehoje.com.br\/novoportal\/?p=50041"},"modified":"2015-06-21T12:49:52","modified_gmt":"2015-06-21T15:49:52","slug":"deputado-herzem-gusmao-pede-a-secretario-parcelamento-do-ipva","status":"publish","type":"post","link":"https:\/\/www.sudoestehoje.com.br\/novoportal\/2015\/06\/18\/deputado-herzem-gusmao-pede-a-secretario-parcelamento-do-ipva\/","title":{"rendered":"DEPUTADO HERZEM GUSM\u00c3O PEDE A SECRET\u00c1RIO PARCELAMENTO DO IPVA"},"content":{"rendered":"<p><a href=\"http:\/\/www.sudoestehoje.com.br\/novoportal\/wp-content\/uploads\/2015\/06\/Fazenda-4.jpg\"><img loading=\"lazy\" decoding=\"async\" class=\"aligncenter size-medium wp-image-50042\" src=\"http:\/\/www.sudoestehoje.com.br\/novoportal\/wp-content\/uploads\/2015\/06\/Fazenda-4-500x281.jpg\" alt=\"Fazenda 4\" width=\"500\" height=\"281\" srcset=\"https:\/\/www.sudoestehoje.com.br\/novoportal\/wp-content\/uploads\/2015\/06\/Fazenda-4-500x281.jpg 500w, https:\/\/www.sudoestehoje.com.br\/novoportal\/wp-content\/uploads\/2015\/06\/Fazenda-4-700x393.jpg 700w, https:\/\/www.sudoestehoje.com.br\/novoportal\/wp-content\/uploads\/2015\/06\/Fazenda-4-150x84.jpg 150w, https:\/\/www.sudoestehoje.com.br\/novoportal\/wp-content\/uploads\/2015\/06\/Fazenda-4.jpg 1280w\" sizes=\"auto, (max-width: 500px) 100vw, 500px\" \/><\/a><\/p>\n<p>Durante audi\u00eancia publicada realizada nesta quarta-feira (17) na Comiss\u00e3o de Finan\u00e7as, Or\u00e7amento, Fiscaliza\u00e7\u00e3o e Controle da Assembleia Legislativa, o deputado Herzem Gusm\u00e3o (PMDB) pediu para o secret\u00e1rio Manoel Vit\u00f3rio (Fazenda) para estudar a possibilidade de parcelar o pagamento do IPVA (Imposto sobre Propriedade de Ve\u00edculos Automotores). \u201cOs donos de carros pagam muitos impostos e o parcelamento, certamente, aliviaria o bolso dos propriet\u00e1rios neste momento de crise e n\u00e3o traria preju\u00edzos ao Estado, j\u00e1 que o pagamento ocorreria dentro do mesmo ano fiscal\u201d, disse o parlamentar.<\/p>\n<p>Em sua explana\u00e7\u00e3o, Herzem Gusm\u00e3o disse que o \u00edndice de inadimpl\u00eancia do IPVA \u00e9 elevado no Estado porque os donos de carros n\u00e3o conseguem pagar de uma \u00fanica vez o valor do imposto. \u00a0\u201cO IPVA de um carro popular chega a custar R$ 1,5 mil, R$ 2 mil. Com o parcelamento, certamente o \u00edndice de inadimpl\u00eancia ser\u00e1 reduzido\u201d, disse.<\/p>\n<p>Na opini\u00e3o do deputado, o governo deveria determinar o parcelamento do imposto antes mesmo da vota\u00e7\u00e3o na Assembleia do projeto de sua autoria que prev\u00ea o pagamento do IPVA em cotas. \u201cA maior parte da receita da Bahia (84,67%) vem do ICMS. O IPVA responde por apenas 4,37%. Portanto, o governo pode muito bem aliviar o bolso dos propriet\u00e1rios e conceder o parcelamento\u201d, afirmou Herzem Gusm\u00e3o.<\/p>\n<p>O secret\u00e1rio Manoel Vit\u00f3rio agradeceu a participa\u00e7\u00e3o do deputado e se comprometeu a estudar sua proposta.\u200b<\/p>\n<p><img decoding=\"async\" class=\"aligncenter\" src=\"http:\/\/img.blogdoanderson.com\/publicidade\/cristo-redentor-02-15.jpg\" alt=\"\" \/><\/p>\n","protected":false},"excerpt":{"rendered":"<p>Durante audi\u00eancia publicada realizada nesta quarta-feira (17) na Comiss\u00e3o de Finan\u00e7as, Or\u00e7amento, Fiscaliza\u00e7\u00e3o e Controle da Assembleia Legislativa, o deputado Herzem Gusm\u00e3o (PMDB) pediu para o secret\u00e1rio Manoel Vit\u00f3rio (Fazenda) para estudar a possibilidade de parcelar o pagamento do IPVA (Imposto sobre Propriedade de Ve\u00edculos Automotores). \u201cOs donos de carros pagam muitos impostos e o [&hellip;]<\/p>\n","protected":false},"author":2,"featured_media":0,"comment_status":"open","ping_status":"open","sticky":false,"template":"","format":"standard","meta":{"footnotes":"","_links_to":"","_links_to_target":""},"categories":[1],"tags":[],"class_list":["post-50041","post","type-post","status-publish","format-standard","hentry","category-geral"],"views":1220,"_links":{"self":[{"href":"https:\/\/www.sudoestehoje.com.br\/novoportal\/wp-json\/wp\/v2\/posts\/50041","targetHints":{"allow":["GET"]}}],"collection":[{"href":"https:\/\/www.sudoestehoje.com.br\/novoportal\/wp-json\/wp\/v2\/posts"}],"about":[{"href":"https:\/\/www.sudoestehoje.com.br\/novoportal\/wp-json\/wp\/v2\/types\/post"}],"author":[{"embeddable":true,"href":"https:\/\/www.sudoestehoje.com.br\/novoportal\/wp-json\/wp\/v2\/users\/2"}],"replies":[{"embeddable":true,"href":"https:\/\/www.sudoestehoje.com.br\/novoportal\/wp-json\/wp\/v2\/comments?post=50041"}],"version-history":[{"count":2,"href":"https:\/\/www.sudoestehoje.com.br\/novoportal\/wp-json\/wp\/v2\/posts\/50041\/revisions"}],"predecessor-version":[{"id":50123,"href":"https:\/\/www.sudoestehoje.com.br\/novoportal\/wp-json\/wp\/v2\/posts\/50041\/revisions\/50123"}],"wp:attachment":[{"href":"https:\/\/www.sudoestehoje.com.br\/novoportal\/wp-json\/wp\/v2\/media?parent=50041"}],"wp:term":[{"taxonomy":"category","embeddable":true,"href":"https:\/\/www.sudoestehoje.com.br\/novoportal\/wp-json\/wp\/v2\/categories?post=50041"},{"taxonomy":"post_tag","embeddable":true,"href":"https:\/\/www.sudoestehoje.com.br\/novoportal\/wp-json\/wp\/v2\/tags?post=50041"}],"curies":[{"name":"wp","href":"https:\/\/api.w.org\/{rel}","templated":true}]}}