
{"id":4994,"date":"2011-05-16T16:18:31","date_gmt":"2011-05-16T19:18:31","guid":{"rendered":"http:\/\/www.sudoestehoje.com.br\/novoportal\/?p=4994"},"modified":"2011-05-16T19:31:41","modified_gmt":"2011-05-16T22:31:41","slug":"geraldo-trindade-assume-presidencia-do-democratas-em-itapetinga","status":"publish","type":"post","link":"https:\/\/www.sudoestehoje.com.br\/novoportal\/2011\/05\/16\/geraldo-trindade-assume-presidencia-do-democratas-em-itapetinga\/","title":{"rendered":"GERALDO TRINDADE ASSUME PRESID\u00caNCIA DO DEMOCRATAS EM ITAPETINGA"},"content":{"rendered":"<p style=\"text-align: center;\"><a href=\"http:\/\/www.sudoestehoje.com.br\/novoportal\/wp-content\/uploads\/2011\/05\/100_5296.jpg\"><img loading=\"lazy\" decoding=\"async\" class=\"size-medium wp-image-4999  aligncenter\" title=\"100_5296\" src=\"http:\/\/www.sudoestehoje.com.br\/novoportal\/wp-content\/uploads\/2011\/05\/100_5296-500x375.jpg\" alt=\"\" width=\"500\" height=\"375\" srcset=\"https:\/\/www.sudoestehoje.com.br\/novoportal\/wp-content\/uploads\/2011\/05\/100_5296-500x375.jpg 500w, https:\/\/www.sudoestehoje.com.br\/novoportal\/wp-content\/uploads\/2011\/05\/100_5296-1024x768.jpg 1024w\" sizes=\"auto, (max-width: 500px) 100vw, 500px\" \/><\/a><\/p>\n<p style=\"text-align: center;\"><strong><em>Geraldo Trindade \u00e9 o novo presidente do Democratas<\/em><\/strong><\/p>\n<p>\u00a0<\/p>\n<p>ITAPETINGA: Desde as \u00faltimas elei\u00e7\u00f5es municipais, quando concorreu a uma vaga na c\u00e2mara de vereadores, o ex-secret\u00e1rio de educa\u00e7\u00e3o do governo\u00a0Jos\u00e9 Otavio,\u00a0prof. Geraldo Trindade,\u00a0 manteve-se distante dos embates pol\u00edticos locais, por op\u00e7\u00e3o pr\u00f3pria, para cuidar da sua carreira profissional e realizar doutorado. Na semana passada, entretanto, o jovem pol\u00edtico aceitou o apelo dos seus partid\u00e1rios, assumindo o posto de presidente do Diret\u00f3rio Municipal do DEM, em substitui\u00e7\u00e3o ao\u00a0l\u00edder Jos\u00e9 Ot\u00e1vio Curvelo. Procurado pelo <strong><em>Sudoeste Hoje<\/em><\/strong>, Geraldo nos concedeu\u00a0uma enriquecedora entrevista. Confira!<strong>\u00a0\u00a0<\/strong><\/p>\n<p><strong>Sudoeste Hoje:<\/strong> Qual o motivo da sa\u00edda do Dr. Jos\u00e9 Ot\u00e1vio da presid\u00eancia do DEM?<\/p>\n<p><strong>Geraldo Trindade:<\/strong> Com o t\u00e9rmino do mandato da comiss\u00e3o executiva municipal, o DEM precisava formar uma executiva provis\u00f3ria em atendimento \u00e0 legisla\u00e7\u00e3o. Entretanto, n\u00e3o existiria nenhum impedimento do pr\u00f3prio Dr. Jos\u00e9 Ot\u00e1vio re-assumir a presid\u00eancia, como era da nossa vontade. Como Itapetinga vive um momento de necess\u00e1ria renova\u00e7\u00e3o pol\u00edtica, partiu dele pr\u00f3prio a decis\u00e3o de abrir m\u00e3o da condu\u00e7\u00e3o do DEM, iniciando um processo, que acredito dever\u00e1 ser seguido por outros partidos, cuja etapa final, esperamos, ser\u00e1 uma grande coalis\u00e3o de for\u00e7as em prol do desenvolvimento de Itapetinga.<\/p>\n<p><strong>Sudoeste Hoje:<\/strong> Ouvimos especula\u00e7\u00f5es durante a semana passada pelo fato de nenhum dos vice-presidentes terem assumido. Como o DEM chegou ao seu nome? Houve disputa?<\/p>\n<p><strong>Geraldo Trindade: <\/strong>N\u00e3o. Foi uma escolha de consenso, sugest\u00e3o dos pr\u00f3prios vice-presidentes, que continuam na comiss\u00e3o provis\u00f3ria. Desde 2007 sou o secret\u00e1rio do DEM e aceitei conduzir a sua reestrutura\u00e7\u00e3o por entender que desde os tempos do PFL o partido tem sido importante no desenvolvimento do munic\u00edpio e n\u00e3o poderia ficar \u00e0 margem do necess\u00e1rio processo de mudan\u00e7a que toda a comunidade anseia. Todos lembramos que a grande guinada de Itapetinga rumo \u00e0 diversifica\u00e7\u00e3o econ\u00f4mica, trazendo a reboque in\u00fameras obras de infra-estrutura, ocorreu nos mandatos de Jos\u00e9 Ot\u00e1vio Curvelo, que naquele momento pertencia ao PL, e teve o imprescind\u00edvel apoio do ex-governador Paulo Souto e do ex-senador Ant\u00f4nio Carlos Magalh\u00e3es, ambos do PFL, hoje DEM.<\/p>\n<p><strong>Sudoeste Hoje: <\/strong>O DEM, ent\u00e3o, est\u00e1 vivo?<\/p>\n<p><strong>Geraldo Trindade: <\/strong>Mais do que nunca. Nas pr\u00f3ximas semanas daremos prosseguimento \u00e0s discuss\u00f5es e decis\u00f5es internas visando a reestrutura\u00e7\u00e3o do partido. Deveremos em breve decidir pela escolha do nome do DEM que dever\u00e1 ser levado \u00e0s negocia\u00e7\u00f5es com os outros partidos visando as elei\u00e7\u00f5es de 2012, com apoio e participa\u00e7\u00e3o do Dr. Jos\u00e9 Ot\u00e1vio Curvelo.<\/p>\n<p><strong>Sudoeste Hoje:<\/strong> O nome do Dr. Jos\u00e9 Ot\u00e1vio est\u00e1 definitivamente descartado para as elei\u00e7\u00f5es municipais do ano que vem?<\/p>\n<p><strong>Geraldo Trindade: <\/strong>O Dr. Jos\u00e9 Ot\u00e1vio continua sendo o nosso nome preferencial por tudo que ele j\u00e1 demonstrou ser capaz de fazer. Ali\u00e1s, nosso s\u00f3 n\u00e3o. Todas as pesquisas que temos conhecimento d\u00e3o larga vantagem a Jos\u00e9 Ot\u00e1vio na prefer\u00eancia do itapetinguense para assumir a prefeitura em 2012. Entretanto nesses momentos \u00e9 que podemos confirmar se o discurso da pessoa \u00e9 conivente com a sua pr\u00e1tica. Jos\u00e9 Ot\u00e1vio sempre disse que n\u00e3o \u00e9 pol\u00edtico profissional, que a sua vida tem na medicina o principal sentido e n\u00e3o na pol\u00edtica. \u00c9 dele, portanto, a decis\u00e3o de participar ativamente do processo, mas n\u00e3o como candidato. A sua inquestion\u00e1vel lideran\u00e7a dever\u00e1 ser utilizada na reestrutura\u00e7\u00e3o do DEM e, em seguida, no processo que pretende promover a grande coaliz\u00e3o de for\u00e7as para recolocar Itapetinga no rumo. Agora, apesar de ainda acalentamos a vontade de t\u00ea-lo como protagonista nas pr\u00f3ximas elei\u00e7\u00f5es, tamb\u00e9m entendemos que precisamos estar preparados para oferecer outras alternativas de qualidade e compet\u00eancia.<\/p>\n<p><strong>Sudoeste Hoje: <\/strong>Ent\u00e3o, na sua opini\u00e3o, Itapetinga est\u00e1 sem rumo? CONFIRA TODA A ENTREVISTA&#8230;<!--more--><\/p>\n<p><strong>Geraldo Trindade: <\/strong>Est\u00e1 desgovernada, sem comando e sem perspectivas de melhora. A administra\u00e7\u00e3o Jos\u00e9 Carlos Moura \u00e9 um misto de incompet\u00eancia e inapet\u00eancia. Nada funciona a contento. O prefeito loteou a administra\u00e7\u00e3o para um pequeno grupo em detrimento da popula\u00e7\u00e3o. Apenas a limpeza p\u00fablica d\u00e1 sinais de melhora, mesmo assim n\u00e3o por iniciativa do prefeito. A educa\u00e7\u00e3o n\u00e3o consegue mostrar resultados, a sa\u00fade vive de remendos espor\u00e1dicos deixando as quest\u00f5es mais importantes sem solu\u00e7\u00e3o. Veja o problema denunciado por este Blog de desvio de verbas da educa\u00e7\u00e3o, ainda sem explica\u00e7\u00e3o convincente nem solu\u00e7\u00e3o. Na semana passada os professores municipais realizaram ato em frente \u00e0 prefeitura reivindicando melhores condi\u00e7\u00f5es de trabalho, reajuste de 15% nos sal\u00e1rios e rateio entre eles, de 60% do valor desviado do FUNDEB como manda a lei. Ora, a Secretaria de Educa\u00e7\u00e3o precisa se pronunciar e abrir a caixa preta para mostrar onde est\u00e3o sendo gastos os milh\u00f5es de reais que recebe, pois, desde que deixamos a Secretaria em 2004, nunca mais nenhuma presta\u00e7\u00e3o de contas aos professores, pais e a comunidade foi realizada. O governo federal, por sua vez, est\u00e1 fazendo a parte dele pois neste ano o valor repassado pelo FUNDEB para as prefeituras teve reajuste de 21,71%. Com esse aumento a Secretaria Municipal de Educa\u00e7\u00e3o receber\u00e1 em 2011 dezenove milh\u00f5es e meio de reais s\u00f3 do FUNDEB. Quando somamos os recursos que ser\u00e3o recebidos para a merenda, para o transporte escolar, quota do sal\u00e1rio educa\u00e7\u00e3o e recursos pr\u00f3prios, a Secretaria Municipal de Educa\u00e7\u00e3o ter\u00e1 \u00e0 disposi\u00e7\u00e3o vinte e quatro milh\u00f5es de reais. Ouvi dizer que o prefeito concedeu no dia de hoje 10% de reajuste e mais 5% em agosto para os professores. Ou seja, a secretaria recebeu reajuste de 21,71% desde janeiro e escalonou 15% at\u00e9 agosto. O interessante, e o prefeito ainda n\u00e3o explicou, \u00e9 que mesmo com tantos recursos, poderiamos estar recebendo muito mais se o total de alunos da rede municipal n\u00e3o tivesse regredido na atual administra\u00e7\u00e3o.<\/p>\n<p>Veja a tabela:<\/p>\n<p style=\"text-align: center;\"><a rel=\"attachment wp-att-4995\" href=\"http:\/\/www.sudoestehoje.com.br\/novoportal\/2011\/05\/16\/geraldo-trindade-assume-presidencia-do-democratas-em-itapetinga\/tabela\/\"><img loading=\"lazy\" decoding=\"async\" class=\"size-full wp-image-4995 aligncenter\" title=\"tabela\" src=\"http:\/\/www.sudoestehoje.com.br\/novoportal\/wp-content\/uploads\/2011\/05\/tabela.jpg\" alt=\"\" width=\"393\" height=\"149\" \/><\/a><\/p>\n<p>Como vemos, sumiram \u00a0511 alunos das escolas municipais, sem nenhuma justificativa pois a popula\u00e7\u00e3o de Itapetinga n\u00e3o est\u00e1 reduzindo. O censo de 2011 ainda n\u00e3o foi divulgado mas hoje temos mais recursos para menos alunos. Se n\u00e3o bastasse a regress\u00e3o na quantidade a popula\u00e7\u00e3o precisa saber que a qualidade tamb\u00e9m tem deixado a desejar, o \u00faltimo resultado do IDEB mostra na avalia\u00e7\u00e3o da 4\u00aa s\u00e9rie do ensino fundamental de 2007 para 2009, que Itapetinga teve avan\u00e7o inferior a todas as cidades da regi\u00e3o, tomando um banho de Macarani, Maiquinique e Itarantim. S\u00f3 ganhou de Vit\u00f3ria da Conquista, outra cidade administrada pelo PT cuja educa\u00e7\u00e3o est\u00e1 um desastre.<\/p>\n<p>Veja gr\u00e1fico.<\/p>\n<p style=\"text-align: center;\"><a rel=\"attachment wp-att-4996\" href=\"http:\/\/www.sudoestehoje.com.br\/novoportal\/2011\/05\/16\/geraldo-trindade-assume-presidencia-do-democratas-em-itapetinga\/evolucao\/\"><img loading=\"lazy\" decoding=\"async\" class=\"size-medium wp-image-4996 aligncenter\" title=\"evolucao\" src=\"http:\/\/www.sudoestehoje.com.br\/novoportal\/wp-content\/uploads\/2011\/05\/evolucao-500x324.jpg\" alt=\"\" width=\"500\" height=\"324\" srcset=\"https:\/\/www.sudoestehoje.com.br\/novoportal\/wp-content\/uploads\/2011\/05\/evolucao-500x324.jpg 500w, https:\/\/www.sudoestehoje.com.br\/novoportal\/wp-content\/uploads\/2011\/05\/evolucao.jpg 520w\" sizes=\"auto, (max-width: 500px) 100vw, 500px\" \/><\/a><\/p>\n<p>O DEM n\u00e3o poderia ficar \u00e0 margem desses problemas pois temos compromisso com a nossa popula\u00e7\u00e3o. Enquanto os milh\u00f5es da educa\u00e7\u00e3o desaparecem, quest\u00f5es como a reformula\u00e7\u00e3o do plano de carreira dos profissionais da educa\u00e7\u00e3o, a democratiza\u00e7\u00e3o com elei\u00e7\u00e3o direta para gestores escolares, a ado\u00e7\u00e3o de pol\u00edtica de bonus por desempenho e aumento da qualidade s\u00e3o engavetados. \u00a0Na semana passada tamb\u00e9m vimos outro exemplo do desgoverno no setor da sa\u00fade, quando a Prefeitura, que j\u00e1 havia acertado conv\u00eanio de auxilio ao Hospital Cristo Redentor, deixou de repassar os recursos por v\u00e1rios meses, jogou a culpa sobre a classe m\u00e9dica e reassinou praticamente o mesmo conv\u00eanio com grande estardalha\u00e7o. As ambul\u00e2ncias do SAMU192 apresentadas em carreata e grande alvoro\u00e7o tamb\u00e9m n\u00e3o disseram para o que vieram, ao passo que nem transporte para procedimentos pr\u00e9-agendados em outras cidades est\u00e1 sendo feito com regularidade e efici\u00eancia. A UPA, tamb\u00e9m do governo federal est\u00e1 sendo alardeada como grande obra municipal, enquanto as queixas pela falta de atendimento nos postos de sa\u00fade se avolumam. Ao tentar pegar carona em projetos federais a administra\u00e7\u00e3o municipal deixa de lado suas responsabilidades diretas tamb\u00e9m no setor de sa\u00fade. Precisamos de um prefeito que consiga colocar Itapetinga no seu devido lugar como principal centro urbano da regi\u00e3o. Dos 26 Territ\u00f3rios de Identidade do Estado da Bahia, apenas tr\u00eas levam o nome da cidade p\u00f3lo sendo o de Itapetinga um desses. Precisamos aproveitar esta proje\u00e7\u00e3o e esta lideran\u00e7a natural. O prefeito precisa pensar grande, ter compet\u00eancia para liderar n\u00e3o s\u00f3 o munic\u00edpio mas a regi\u00e3o, buscar a uni\u00e3o das cidades vizinhas, para juntos e com mais for\u00e7a, poderem reivindicar para a cidade p\u00f3lo a constru\u00e7\u00e3o de hospital regional, unidade de hemodi\u00e1lise, centro de tratamento do c\u00e2ncer, usina de asfalto dentre outras quest\u00f5es que poderiam ser resolvidas mais facilmente em conjunto. Na verdade a coisa t\u00e1 feia. Enquanto a popula\u00e7\u00e3o sofre sem sa\u00fade e educa\u00e7\u00e3o, espocam den\u00fancias de roubo e desvios que precisam ser investigadas pela C\u00e2mara de Vereadores, Minist\u00e9rio P\u00fablico e Tribunal de Contas, at\u00e9 para, se for o caso, inocentar a administra\u00e7\u00e3o municipal. N\u00e3o podemos portanto ficar \u00e0 margem de tudo isso. Temos a obriga\u00e7\u00e3o de intervir.<\/p>\n<p><strong>Sudoeste Hoje: <\/strong>Qual a sa\u00edda para o caos em que estamos mergulhados?<\/p>\n<p><strong>Geraldo Trindade: <\/strong>A m\u00e9dio prazo, a uni\u00e3o das for\u00e7as pol\u00edticas contr\u00e1rias \u00e0 forma de gest\u00e3o da atual administra\u00e7\u00e3o e, se for da vontade da popula\u00e7\u00e3o, darmos a resposta nas elei\u00e7\u00f5es municipais de 2012. A curto prazo, a ren\u00fancia do prefeito, ou se comprovadas as den\u00fancias, o seu afastamento, tamb\u00e9m seria uma boa sa\u00edda.<\/p>\n<p><em><strong>Por DAVI FERRAZ<\/strong><\/em><\/p>\n","protected":false},"excerpt":{"rendered":"<p>Geraldo Trindade \u00e9 o novo presidente do Democratas \u00a0 ITAPETINGA: Desde as \u00faltimas elei\u00e7\u00f5es municipais, quando concorreu a uma vaga na c\u00e2mara de vereadores, o ex-secret\u00e1rio de educa\u00e7\u00e3o do governo\u00a0Jos\u00e9 Otavio,\u00a0prof. Geraldo Trindade,\u00a0 manteve-se distante dos embates pol\u00edticos locais, por op\u00e7\u00e3o pr\u00f3pria, para cuidar da sua carreira profissional e realizar doutorado. Na semana passada, entretanto, [&hellip;]<\/p>\n","protected":false},"author":1,"featured_media":0,"comment_status":"open","ping_status":"open","sticky":false,"template":"","format":"standard","meta":{"footnotes":"","_links_to":"","_links_to_target":""},"categories":[1],"tags":[],"class_list":["post-4994","post","type-post","status-publish","format-standard","hentry","category-geral"],"views":1731,"_links":{"self":[{"href":"https:\/\/www.sudoestehoje.com.br\/novoportal\/wp-json\/wp\/v2\/posts\/4994","targetHints":{"allow":["GET"]}}],"collection":[{"href":"https:\/\/www.sudoestehoje.com.br\/novoportal\/wp-json\/wp\/v2\/posts"}],"about":[{"href":"https:\/\/www.sudoestehoje.com.br\/novoportal\/wp-json\/wp\/v2\/types\/post"}],"author":[{"embeddable":true,"href":"https:\/\/www.sudoestehoje.com.br\/novoportal\/wp-json\/wp\/v2\/users\/1"}],"replies":[{"embeddable":true,"href":"https:\/\/www.sudoestehoje.com.br\/novoportal\/wp-json\/wp\/v2\/comments?post=4994"}],"version-history":[{"count":11,"href":"https:\/\/www.sudoestehoje.com.br\/novoportal\/wp-json\/wp\/v2\/posts\/4994\/revisions"}],"predecessor-version":[{"id":5002,"href":"https:\/\/www.sudoestehoje.com.br\/novoportal\/wp-json\/wp\/v2\/posts\/4994\/revisions\/5002"}],"wp:attachment":[{"href":"https:\/\/www.sudoestehoje.com.br\/novoportal\/wp-json\/wp\/v2\/media?parent=4994"}],"wp:term":[{"taxonomy":"category","embeddable":true,"href":"https:\/\/www.sudoestehoje.com.br\/novoportal\/wp-json\/wp\/v2\/categories?post=4994"},{"taxonomy":"post_tag","embeddable":true,"href":"https:\/\/www.sudoestehoje.com.br\/novoportal\/wp-json\/wp\/v2\/tags?post=4994"}],"curies":[{"name":"wp","href":"https:\/\/api.w.org\/{rel}","templated":true}]}}