
{"id":49929,"date":"2015-06-12T18:04:37","date_gmt":"2015-06-12T21:04:37","guid":{"rendered":"http:\/\/www.sudoestehoje.com.br\/novoportal\/?p=49929"},"modified":"2015-06-12T18:04:37","modified_gmt":"2015-06-12T21:04:37","slug":"fundacao-jose-silveira-inaugura-clinica-de-doencas-neuromotoras","status":"publish","type":"post","link":"https:\/\/www.sudoestehoje.com.br\/novoportal\/2015\/06\/12\/fundacao-jose-silveira-inaugura-clinica-de-doencas-neuromotoras\/","title":{"rendered":"FUNDA\u00c7\u00c3O JOS\u00c9 SILVEIRA INAUGURA CL\u00cdNICA DE DOEN\u00c7AS NEUROMOTORAS"},"content":{"rendered":"<p><a href=\"http:\/\/www.sudoestehoje.com.br\/novoportal\/wp-content\/uploads\/2015\/06\/IBR-400x266.jpg\"><img loading=\"lazy\" decoding=\"async\" class=\"aligncenter  wp-image-49931\" src=\"http:\/\/www.sudoestehoje.com.br\/novoportal\/wp-content\/uploads\/2015\/06\/IBR-400x266.jpg\" alt=\"IBR-400x266\" width=\"501\" height=\"333\" srcset=\"https:\/\/www.sudoestehoje.com.br\/novoportal\/wp-content\/uploads\/2015\/06\/IBR-400x266.jpg 400w, https:\/\/www.sudoestehoje.com.br\/novoportal\/wp-content\/uploads\/2015\/06\/IBR-400x266-150x100.jpg 150w\" sizes=\"auto, (max-width: 501px) 100vw, 501px\" \/><\/a><\/p>\n<p>A Funda\u00e7\u00e3o Jos\u00e9 Silveira (FJS) inaugurou hoje (12\/06) a nova Cl\u00ednica de Doen\u00e7as Neuromusculares do Instituto Bahiano de Reabilita\u00e7\u00e3o (IBR), a primeira do g\u00eanero na Bahia. O lan\u00e7amento do novo servi\u00e7o foi marcado pela realiza\u00e7\u00e3o de uma sess\u00e3o cient\u00edfica sobre essas doen\u00e7as de origem gen\u00e9tica.<\/p>\n<p>Na avalia\u00e7\u00e3o da superintendente da Funda\u00e7\u00e3o, Leila Brito, \u201ca Cl\u00ednica vem suprir uma demanda de atendimento especializado em benef\u00edcio desses pacientes, que precisam ter melhor qualidade de vida\u201d. Durante o evento, o presidente da Funda\u00e7\u00e3o, o m\u00e9dico Geraldo Leite, ressaltou \u201ca satisfa\u00e7\u00e3o com a abertura desse espa\u00e7o t\u00e3o importante, que oferece assist\u00eancia qualificada com o apoio de uma equipe multidisciplinar\u201d.<\/p>\n<p>\u201cA inaugura\u00e7\u00e3o desta cl\u00ednica \u00e9 um marco na Bahia, pois havia uma lacuna na oferta de um servi\u00e7o completo e voltado ao acompanhamento dessas doen\u00e7as graves e progressivas\u201d, afirmou um dos palestrantes, o neuropediatra Solon Fontes Filho.<\/p>\n","protected":false},"excerpt":{"rendered":"<p>A Funda\u00e7\u00e3o Jos\u00e9 Silveira (FJS) inaugurou hoje (12\/06) a nova Cl\u00ednica de Doen\u00e7as Neuromusculares do Instituto Bahiano de Reabilita\u00e7\u00e3o (IBR), a primeira do g\u00eanero na Bahia. O lan\u00e7amento do novo servi\u00e7o foi marcado pela realiza\u00e7\u00e3o de uma sess\u00e3o cient\u00edfica sobre essas doen\u00e7as de origem gen\u00e9tica. Na avalia\u00e7\u00e3o da superintendente da Funda\u00e7\u00e3o, Leila Brito, \u201ca Cl\u00ednica [&hellip;]<\/p>\n","protected":false},"author":2,"featured_media":0,"comment_status":"open","ping_status":"open","sticky":false,"template":"","format":"standard","meta":{"footnotes":"","_links_to":"","_links_to_target":""},"categories":[1],"tags":[],"class_list":["post-49929","post","type-post","status-publish","format-standard","hentry","category-geral"],"views":1334,"_links":{"self":[{"href":"https:\/\/www.sudoestehoje.com.br\/novoportal\/wp-json\/wp\/v2\/posts\/49929","targetHints":{"allow":["GET"]}}],"collection":[{"href":"https:\/\/www.sudoestehoje.com.br\/novoportal\/wp-json\/wp\/v2\/posts"}],"about":[{"href":"https:\/\/www.sudoestehoje.com.br\/novoportal\/wp-json\/wp\/v2\/types\/post"}],"author":[{"embeddable":true,"href":"https:\/\/www.sudoestehoje.com.br\/novoportal\/wp-json\/wp\/v2\/users\/2"}],"replies":[{"embeddable":true,"href":"https:\/\/www.sudoestehoje.com.br\/novoportal\/wp-json\/wp\/v2\/comments?post=49929"}],"version-history":[{"count":2,"href":"https:\/\/www.sudoestehoje.com.br\/novoportal\/wp-json\/wp\/v2\/posts\/49929\/revisions"}],"predecessor-version":[{"id":49934,"href":"https:\/\/www.sudoestehoje.com.br\/novoportal\/wp-json\/wp\/v2\/posts\/49929\/revisions\/49934"}],"wp:attachment":[{"href":"https:\/\/www.sudoestehoje.com.br\/novoportal\/wp-json\/wp\/v2\/media?parent=49929"}],"wp:term":[{"taxonomy":"category","embeddable":true,"href":"https:\/\/www.sudoestehoje.com.br\/novoportal\/wp-json\/wp\/v2\/categories?post=49929"},{"taxonomy":"post_tag","embeddable":true,"href":"https:\/\/www.sudoestehoje.com.br\/novoportal\/wp-json\/wp\/v2\/tags?post=49929"}],"curies":[{"name":"wp","href":"https:\/\/api.w.org\/{rel}","templated":true}]}}